{"id":12304,"date":"2014-02-28T10:22:07","date_gmt":"2014-02-28T10:22:07","guid":{"rendered":"http:\/\/www.ayuntamientodeharia.com\/haria\/?p=12304"},"modified":"2018-05-21T09:35:01","modified_gmt":"2018-05-21T09:35:01","slug":"exhibicion-de-coches-jaguar-en-haria","status":"publish","type":"post","link":"https:\/\/www.ayuntamientodeharia.com\/haria\/exhibicion-de-coches-jaguar-en-haria\/","title":{"rendered":"Exhibici\u00f3n de coches Jaguar en Har\u00eda"},"content":{"rendered":"<p>El Club Jaguar de Canarias realizar\u00e1 el pr\u00f3ximo domingo, 2 de marzo, un recorrido por la isla de Lanzarote, donde exhibir\u00e1n diferentes modelos de esta emblem\u00e1tica marca provenientes de las islas de Gran Canaria, Tenerife y Lanzarote.<br \/>\n&nbsp;<br \/>\n<!--more--><\/p>\n<p>Los aficionados a los coches deportivos y turismos de lujo podr\u00e1n disfrutar de los modelos Jaguar durante la concentraci\u00f3n que realizar\u00e1n de 14:00 a las 16:00 horas, en la Plaza de Har\u00eda, frente a la Iglesia.<\/p>\n","protected":false},"excerpt":{"rendered":"<p>El Club Jaguar de Canarias realizar\u00e1 el pr\u00f3ximo domingo, 2 de marzo, un recorrido por la isla de Lanzarote, donde exhibir\u00e1n diferentes modelos de esta emblem\u00e1tica marca provenientes de las islas de Gran Canaria, Tenerife y Lanzarote. &nbsp;<\/p>\n","protected":false},"author":8,"featured_media":0,"comment_status":"closed","ping_status":"closed","sticky":false,"template":"","format":"standard","meta":{"footnotes":""},"categories":[193,11],"tags":[],"class_list":["post-12304","post","type-post","status-publish","format-standard","hentry","category-exposiciones","category-hoja-de-haria"],"_links":{"self":[{"href":"https:\/\/www.ayuntamientodeharia.com\/haria\/wp-json\/wp\/v2\/posts\/12304","targetHints":{"allow":["GET"]}}],"collection":[{"href":"https:\/\/www.ayuntamientodeharia.com\/haria\/wp-json\/wp\/v2\/posts"}],"about":[{"href":"https:\/\/www.ayuntamientodeharia.com\/haria\/wp-json\/wp\/v2\/types\/post"}],"author":[{"embeddable":true,"href":"https:\/\/www.ayuntamientodeharia.com\/haria\/wp-json\/wp\/v2\/users\/8"}],"replies":[{"embeddable":true,"href":"https:\/\/www.ayuntamientodeharia.com\/haria\/wp-json\/wp\/v2\/comments?post=12304"}],"version-history":[{"count":3,"href":"https:\/\/www.ayuntamientodeharia.com\/haria\/wp-json\/wp\/v2\/posts\/12304\/revisions"}],"predecessor-version":[{"id":12307,"href":"https:\/\/www.ayuntamientodeharia.com\/haria\/wp-json\/wp\/v2\/posts\/12304\/revisions\/12307"}],"wp:attachment":[{"href":"https:\/\/www.ayuntamientodeharia.com\/haria\/wp-json\/wp\/v2\/media?parent=12304"}],"wp:term":[{"taxonomy":"category","embeddable":true,"href":"https:\/\/www.ayuntamientodeharia.com\/haria\/wp-json\/wp\/v2\/categories?post=12304"},{"taxonomy":"post_tag","embeddable":true,"href":"https:\/\/www.ayuntamientodeharia.com\/haria\/wp-json\/wp\/v2\/tags?post=12304"}],"curies":[{"name":"wp","href":"https:\/\/api.w.org\/{rel}","templated":true}]}}