{"id":12297,"date":"2014-02-28T10:12:17","date_gmt":"2014-02-28T10:12:17","guid":{"rendered":"http:\/\/www.ayuntamientodeharia.com\/haria\/?p=12297"},"modified":"2018-05-21T09:35:23","modified_gmt":"2018-05-21T09:35:23","slug":"oferta-formativa-de-radio-ecca-para-el-mes-de-marzo-2","status":"publish","type":"post","link":"https:\/\/www.ayuntamientodeharia.com\/haria\/oferta-formativa-de-radio-ecca-para-el-mes-de-marzo-2\/","title":{"rendered":"Oferta formativa de Radio Ecca para el mes de marzo"},"content":{"rendered":"<p>* \u2018Contabilidad b\u00e1sica para PYMES\u2019: del 3 de marzo al 3 de junio.<br \/>\n* \u2018Cours de Fran\u00e7ais-Nivel II\u2019: del 3 de marzo al 20 de junio.<br \/>\n* \u2018Violencia de g\u00e9nero: tolerancia cero\u2019: del 3 al 31 de marzo.<br \/>\n* \u2018Realidad digital: \u00bfoportunidad a riesgo?\u2019: del 10 al 21 de marzo.<br \/>\n* Time to speak!-Nivel III: del 17 de marzo al 7 de mayo.<br \/>\n* \u2018Vivir con diabetes\u2019: del 24 de marzo al 2 de abril.<br \/>\n&nbsp;<br \/>\n<!--more--><\/p>\n<p><strong>Formaci\u00f3n profesional para el empleo<\/strong><br \/>\n\u2018Fundamentos b\u00e1sicos del desarrollo infantil\u2019: del 17 de marzo al 4 de abril.<br \/>\n\u2018Aprovisionamiento y almacenaje en la venta\u2019: del 17 al 28 de marzo.<br \/>\n&nbsp;<br \/>\nLas personas interesadas en recibir m\u00e1s informaci\u00f3n sobre la amplia oferta formativa que ofrece Radio Ecca pueden pasarse por el centro de matr\u00edcula de la zona norte, en el CEIP La Garita de Arrieta, donde se les atender\u00e1 los martes, de 16:30 a 17:30 horas, o llamar a los tel\u00e9fonos 928 813 097 y 902 312 212, de lunes a viernes, en horario de 8:30 a 13:30 horas y de 17:00 a 19:30 horas.<\/p>\n","protected":false},"excerpt":{"rendered":"<p>* \u2018Contabilidad b\u00e1sica para PYMES\u2019: del 3 de marzo al 3 de junio. * \u2018Cours de Fran\u00e7ais-Nivel II\u2019: del 3 de marzo al 20 de junio. * \u2018Violencia de g\u00e9nero: tolerancia cero\u2019: del 3 al 31 de marzo. * \u2018Realidad digital: \u00bfoportunidad a riesgo?\u2019: del 10 al 21 de marzo. * Time to speak!-Nivel III: [&hellip;]<\/p>\n","protected":false},"author":8,"featured_media":0,"comment_status":"closed","ping_status":"closed","sticky":false,"template":"","format":"standard","meta":{"footnotes":""},"categories":[19,11],"tags":[],"class_list":["post-12297","post","type-post","status-publish","format-standard","hentry","category-formacion","category-hoja-de-haria"],"_links":{"self":[{"href":"https:\/\/www.ayuntamientodeharia.com\/haria\/wp-json\/wp\/v2\/posts\/12297","targetHints":{"allow":["GET"]}}],"collection":[{"href":"https:\/\/www.ayuntamientodeharia.com\/haria\/wp-json\/wp\/v2\/posts"}],"about":[{"href":"https:\/\/www.ayuntamientodeharia.com\/haria\/wp-json\/wp\/v2\/types\/post"}],"author":[{"embeddable":true,"href":"https:\/\/www.ayuntamientodeharia.com\/haria\/wp-json\/wp\/v2\/users\/8"}],"replies":[{"embeddable":true,"href":"https:\/\/www.ayuntamientodeharia.com\/haria\/wp-json\/wp\/v2\/comments?post=12297"}],"version-history":[{"count":3,"href":"https:\/\/www.ayuntamientodeharia.com\/haria\/wp-json\/wp\/v2\/posts\/12297\/revisions"}],"predecessor-version":[{"id":12300,"href":"https:\/\/www.ayuntamientodeharia.com\/haria\/wp-json\/wp\/v2\/posts\/12297\/revisions\/12300"}],"wp:attachment":[{"href":"https:\/\/www.ayuntamientodeharia.com\/haria\/wp-json\/wp\/v2\/media?parent=12297"}],"wp:term":[{"taxonomy":"category","embeddable":true,"href":"https:\/\/www.ayuntamientodeharia.com\/haria\/wp-json\/wp\/v2\/categories?post=12297"},{"taxonomy":"post_tag","embeddable":true,"href":"https:\/\/www.ayuntamientodeharia.com\/haria\/wp-json\/wp\/v2\/tags?post=12297"}],"curies":[{"name":"wp","href":"https:\/\/api.w.org\/{rel}","templated":true}]}}