{"id":12139,"date":"2018-05-06T10:56:46","date_gmt":"2018-05-06T10:56:46","guid":{"rendered":"http:\/\/www.ayuntamientodeharia.com\/haria\/?p=12139"},"modified":"2018-05-06T10:56:46","modified_gmt":"2018-05-06T10:56:46","slug":"abierto-el-plazo-de-matricula-para-la-realizacion-de-las-pruebas-de-acreditacion-de-competencias-clave-de-n2-y-n3","status":"publish","type":"post","link":"https:\/\/www.ayuntamientodeharia.com\/haria\/abierto-el-plazo-de-matricula-para-la-realizacion-de-las-pruebas-de-acreditacion-de-competencias-clave-de-n2-y-n3\/","title":{"rendered":"Abierto el plazo de matr\u00edcula para la realizaci\u00f3n de las pruebas de acreditaci\u00f3n de competencias clave de N2 y N3"},"content":{"rendered":"<p><a href=\"http:\/\/www.ayuntamientodeharia.com\/haria\/wp-content\/uploads\/2017\/07\/libros.jpg\"><img decoding=\"async\" class=\"alignleft size-thumbnail wp-image-9943\" src=\"http:\/\/www.ayuntamientodeharia.com\/haria\/wp-content\/uploads\/2017\/07\/libros-150x150.jpg\" alt=\"libros\" width=\"150\" height=\"150\" \/><\/a>La Concejal\u00eda de Educaci\u00f3n, coordinada por Jos\u00e9 P\u00e9rez Dorta, informa a los vecinos del municipio de que el Centro de Educaci\u00f3n de Personas Adultas de Lanzarote, CEPA Titerroygatra, ha abierto el plazo de matr\u00edcula para la realizaci\u00f3n de las pruebas de acreditaci\u00f3n de competencias clave de N2 y N3, que tendr\u00e1n lugar el 9 de mayo, a las 09:00 horas.<\/p>\n<p><!--more--><\/p>\n<p>&nbsp;<\/p>\n<p>Los interesados pueden realizar la matr\u00edcula hasta el 8 de mayo en el CEPA Titerroygatra, sito en la calle Carlos III s\/n de Arrecife. M\u00e1s informaci\u00f3n llamando al tel\u00e9fono 928 811 400.<\/p>\n","protected":false},"excerpt":{"rendered":"<p>La Concejal\u00eda de Educaci\u00f3n, coordinada por Jos\u00e9 P\u00e9rez Dorta, informa a los vecinos del municipio de que el Centro de Educaci\u00f3n de Personas Adultas de Lanzarote, CEPA Titerroygatra, ha abierto el plazo de matr\u00edcula para la realizaci\u00f3n de las pruebas de acreditaci\u00f3n de competencias clave de N2 y N3, que tendr\u00e1n lugar el 9 de [&hellip;]<\/p>\n","protected":false},"author":7,"featured_media":0,"comment_status":"closed","ping_status":"closed","sticky":false,"template":"","format":"standard","meta":{"footnotes":""},"categories":[19,11],"tags":[],"class_list":["post-12139","post","type-post","status-publish","format-standard","hentry","category-formacion","category-hoja-de-haria"],"_links":{"self":[{"href":"https:\/\/www.ayuntamientodeharia.com\/haria\/wp-json\/wp\/v2\/posts\/12139","targetHints":{"allow":["GET"]}}],"collection":[{"href":"https:\/\/www.ayuntamientodeharia.com\/haria\/wp-json\/wp\/v2\/posts"}],"about":[{"href":"https:\/\/www.ayuntamientodeharia.com\/haria\/wp-json\/wp\/v2\/types\/post"}],"author":[{"embeddable":true,"href":"https:\/\/www.ayuntamientodeharia.com\/haria\/wp-json\/wp\/v2\/users\/7"}],"replies":[{"embeddable":true,"href":"https:\/\/www.ayuntamientodeharia.com\/haria\/wp-json\/wp\/v2\/comments?post=12139"}],"version-history":[{"count":1,"href":"https:\/\/www.ayuntamientodeharia.com\/haria\/wp-json\/wp\/v2\/posts\/12139\/revisions"}],"predecessor-version":[{"id":12140,"href":"https:\/\/www.ayuntamientodeharia.com\/haria\/wp-json\/wp\/v2\/posts\/12139\/revisions\/12140"}],"wp:attachment":[{"href":"https:\/\/www.ayuntamientodeharia.com\/haria\/wp-json\/wp\/v2\/media?parent=12139"}],"wp:term":[{"taxonomy":"category","embeddable":true,"href":"https:\/\/www.ayuntamientodeharia.com\/haria\/wp-json\/wp\/v2\/categories?post=12139"},{"taxonomy":"post_tag","embeddable":true,"href":"https:\/\/www.ayuntamientodeharia.com\/haria\/wp-json\/wp\/v2\/tags?post=12139"}],"curies":[{"name":"wp","href":"https:\/\/api.w.org\/{rel}","templated":true}]}}