{"id":1213,"date":"2015-03-24T08:58:52","date_gmt":"2015-03-24T08:58:52","guid":{"rendered":"http:\/\/www.ayuntamientodeharia.com\/haria\/?p=1213"},"modified":"2015-03-24T08:58:52","modified_gmt":"2015-03-24T08:58:52","slug":"comienza-a-ejecutarse-la-segunda-fase-del-proyecto-de-mejora-de-las-aceras-en-arrieta","status":"publish","type":"post","link":"https:\/\/www.ayuntamientodeharia.com\/haria\/comienza-a-ejecutarse-la-segunda-fase-del-proyecto-de-mejora-de-las-aceras-en-arrieta\/","title":{"rendered":"Comienza a ejecutarse la segunda fase del proyecto de mejora de las aceras en Arrieta"},"content":{"rendered":"<h4><strong>Est\u00e1 previsto que las obras finalicen a finales del mes de abril<\/strong><\/h4>\n<p>&nbsp;<\/p>\n<p><a href=\"http:\/\/www.ayuntamientodeharia.com\/haria\/wp-content\/uploads\/2015\/03\/hoja-742-obras-Arrieta.jpg\"><img fetchpriority=\"high\" decoding=\"async\" class=\"alignleft size-medium wp-image-1178\" src=\"http:\/\/www.ayuntamientodeharia.com\/haria\/wp-content\/uploads\/2015\/03\/hoja-742-obras-Arrieta-300x189.jpg\" alt=\"hoja 742 obras Arrieta\" width=\"300\" height=\"189\" srcset=\"https:\/\/www.ayuntamientodeharia.com\/haria\/wp-content\/uploads\/2015\/03\/hoja-742-obras-Arrieta-300x189.jpg 300w, https:\/\/www.ayuntamientodeharia.com\/haria\/wp-content\/uploads\/2015\/03\/hoja-742-obras-Arrieta-1024x647.jpg 1024w, https:\/\/www.ayuntamientodeharia.com\/haria\/wp-content\/uploads\/2015\/03\/hoja-742-obras-Arrieta.jpg 1783w\" sizes=\"(max-width: 300px) 100vw, 300px\" \/><\/a>El Ayuntamiento de Har\u00eda contin\u00faa con los trabajos de mejora y remodelaci\u00f3n de las aceras en el pueblo de Arrieta, iniciados en el mes de enero, que permitir\u00e1n, en esta segunda fase, mejorar la accesibilidad y tr\u00e1nsito de personas con discapacidad o movilidad reducida en las aceras afectadas por la Servidumbre de Protecci\u00f3n de Costas.<\/p>\n<p>&nbsp;<\/p>\n<p>La segunda fase del proyecto, financiada \u00edntegramente por el Consistorio norte\u00f1o, con un coste total de 186.740 euros, permitir\u00e1 remodelar las aceras de las calles La Playa, Los Morros y el margen derecho de la calle La Garita para adaptarlas a la nueva normativa de accesibilidad y supresi\u00f3n de las barreras f\u00edsicas y de la comunicaci\u00f3n.<\/p>\n<p>&nbsp;<\/p>\n<p>El proyecto recoge tambi\u00e9n la ampliaci\u00f3n de la acera del margen derecho de la calle La Garita, con el objetivo de crear una zona de ocio y esparcimiento que permita el desarrollo comercial del lugar.<\/p>\n","protected":false},"excerpt":{"rendered":"<p>Est\u00e1 previsto que las obras finalicen a finales del mes de abril &nbsp; El Ayuntamiento de Har\u00eda contin\u00faa con los trabajos de mejora y remodelaci\u00f3n de las aceras en el pueblo de Arrieta, iniciados en el mes de enero, que permitir\u00e1n, en esta segunda fase, mejorar la accesibilidad y tr\u00e1nsito de personas con discapacidad o [&hellip;]<\/p>\n","protected":false},"author":2,"featured_media":0,"comment_status":"closed","ping_status":"closed","sticky":false,"template":"","format":"standard","meta":{"footnotes":""},"categories":[11,23],"tags":[],"class_list":["post-1213","post","type-post","status-publish","format-standard","hentry","category-hoja-de-haria","category-obras-y-servicios"],"_links":{"self":[{"href":"https:\/\/www.ayuntamientodeharia.com\/haria\/wp-json\/wp\/v2\/posts\/1213","targetHints":{"allow":["GET"]}}],"collection":[{"href":"https:\/\/www.ayuntamientodeharia.com\/haria\/wp-json\/wp\/v2\/posts"}],"about":[{"href":"https:\/\/www.ayuntamientodeharia.com\/haria\/wp-json\/wp\/v2\/types\/post"}],"author":[{"embeddable":true,"href":"https:\/\/www.ayuntamientodeharia.com\/haria\/wp-json\/wp\/v2\/users\/2"}],"replies":[{"embeddable":true,"href":"https:\/\/www.ayuntamientodeharia.com\/haria\/wp-json\/wp\/v2\/comments?post=1213"}],"version-history":[{"count":0,"href":"https:\/\/www.ayuntamientodeharia.com\/haria\/wp-json\/wp\/v2\/posts\/1213\/revisions"}],"wp:attachment":[{"href":"https:\/\/www.ayuntamientodeharia.com\/haria\/wp-json\/wp\/v2\/media?parent=1213"}],"wp:term":[{"taxonomy":"category","embeddable":true,"href":"https:\/\/www.ayuntamientodeharia.com\/haria\/wp-json\/wp\/v2\/categories?post=1213"},{"taxonomy":"post_tag","embeddable":true,"href":"https:\/\/www.ayuntamientodeharia.com\/haria\/wp-json\/wp\/v2\/tags?post=1213"}],"curies":[{"name":"wp","href":"https:\/\/api.w.org\/{rel}","templated":true}]}}