{"id":1203,"date":"2015-03-24T08:52:00","date_gmt":"2015-03-24T08:52:00","guid":{"rendered":"http:\/\/www.ayuntamientodeharia.com\/haria\/?p=1203"},"modified":"2015-03-24T08:52:56","modified_gmt":"2015-03-24T08:52:56","slug":"ii-jornada-tecnica-de-sanidad-caprina","status":"publish","type":"post","link":"https:\/\/www.ayuntamientodeharia.com\/haria\/ii-jornada-tecnica-de-sanidad-caprina\/","title":{"rendered":"\u2018II Jornada T\u00e9cnica de Sanidad Caprina\u2019"},"content":{"rendered":"<p>La Concejal\u00eda de Agricultura organiza la \u2018II Jornada T\u00e9cnica de Sanidad Caprina\u2019, que se celebrar\u00e1 los d\u00edas 23 y 24 de marzo, de 18:00 a 20:00 horas, en la Sala El Aljibe de Har\u00eda. Las jornadas, que tienen car\u00e1cter gratuito, est\u00e1n dirigidas no solo a los ganaderos, sino tambi\u00e9n a todas aquellas personas que deseen tener un conocimiento m\u00e1s amplio sobre las enfermedades que pueden afectar a la cabra.<\/p>\n<p><!--more--><\/p>\n<p>El lunes, 23 de marzo, el doctor Christian de la Fe Rodr\u00edguez, profesor titular del Grupo de Investigaci\u00f3n de Sanidad de Rumiantes, perteneciente al Departamento de Sanidad Animal de la Facultad de Veterinaria de la Universidad de Murcia y Vicedecano de Estudiantes, Investigaci\u00f3n y Relaciones internacionales, impartir\u00e1 una charla sobre \u2019Control b\u00e1sico de mamitis y otras enfermedades infecciosas de inter\u00e9s en el ganado caprino\u2019.<\/p>\n<p>&nbsp;<\/p>\n<p>El martes, 24 de marzo, se realizar\u00e1 una visita t\u00e9cnica a explotaciones caprinas. Las personas interesadas en asistir a estas jornadas no tienen que realizar una inscripci\u00f3n previa, sino \u00fanicamente acudir el d\u00eda de la impartici\u00f3n de las mismas al lugar se\u00f1alado.<\/p>\n","protected":false},"excerpt":{"rendered":"<p>La Concejal\u00eda de Agricultura organiza la \u2018II Jornada T\u00e9cnica de Sanidad Caprina\u2019, que se celebrar\u00e1 los d\u00edas 23 y 24 de marzo, de 18:00 a 20:00 horas, en la Sala El Aljibe de Har\u00eda. Las jornadas, que tienen car\u00e1cter gratuito, est\u00e1n dirigidas no solo a los ganaderos, sino tambi\u00e9n a todas aquellas personas que deseen [&hellip;]<\/p>\n","protected":false},"author":2,"featured_media":0,"comment_status":"closed","ping_status":"closed","sticky":false,"template":"","format":"standard","meta":{"footnotes":""},"categories":[20,11],"tags":[],"class_list":["post-1203","post","type-post","status-publish","format-standard","hentry","category-agricultura","category-hoja-de-haria"],"_links":{"self":[{"href":"https:\/\/www.ayuntamientodeharia.com\/haria\/wp-json\/wp\/v2\/posts\/1203","targetHints":{"allow":["GET"]}}],"collection":[{"href":"https:\/\/www.ayuntamientodeharia.com\/haria\/wp-json\/wp\/v2\/posts"}],"about":[{"href":"https:\/\/www.ayuntamientodeharia.com\/haria\/wp-json\/wp\/v2\/types\/post"}],"author":[{"embeddable":true,"href":"https:\/\/www.ayuntamientodeharia.com\/haria\/wp-json\/wp\/v2\/users\/2"}],"replies":[{"embeddable":true,"href":"https:\/\/www.ayuntamientodeharia.com\/haria\/wp-json\/wp\/v2\/comments?post=1203"}],"version-history":[{"count":0,"href":"https:\/\/www.ayuntamientodeharia.com\/haria\/wp-json\/wp\/v2\/posts\/1203\/revisions"}],"wp:attachment":[{"href":"https:\/\/www.ayuntamientodeharia.com\/haria\/wp-json\/wp\/v2\/media?parent=1203"}],"wp:term":[{"taxonomy":"category","embeddable":true,"href":"https:\/\/www.ayuntamientodeharia.com\/haria\/wp-json\/wp\/v2\/categories?post=1203"},{"taxonomy":"post_tag","embeddable":true,"href":"https:\/\/www.ayuntamientodeharia.com\/haria\/wp-json\/wp\/v2\/tags?post=1203"}],"curies":[{"name":"wp","href":"https:\/\/api.w.org\/{rel}","templated":true}]}}