{"id":11954,"date":"2018-04-06T19:06:56","date_gmt":"2018-04-06T19:06:56","guid":{"rendered":"http:\/\/www.ayuntamientodeharia.com\/haria\/?p=11954"},"modified":"2018-04-06T19:07:16","modified_gmt":"2018-04-06T19:07:16","slug":"balcon-de-haria-gregorio-barreto-vinoly","status":"publish","type":"post","link":"https:\/\/www.ayuntamientodeharia.com\/haria\/balcon-de-haria-gregorio-barreto-vinoly\/","title":{"rendered":"Balc\u00f3n de Har\u00eda  Gregorio Barreto Vi\u00f1oly"},"content":{"rendered":"<p><strong><a href=\"http:\/\/www.ayuntamientodeharia.com\/haria\/wp-content\/uploads\/2018\/04\/Gregorio-Barreto.jpg\"><img decoding=\"async\" class=\"alignleft size-thumbnail wp-image-11955\" src=\"http:\/\/www.ayuntamientodeharia.com\/haria\/wp-content\/uploads\/2018\/04\/Gregorio-Barreto-150x150.jpg\" alt=\"Gregorio Barreto\" width=\"150\" height=\"150\" \/><\/a>De la marisquer\u00eda y los mariscadores de la antig\u00fcedad<\/strong><\/p>\n<p><!--more--><\/p>\n<p>&nbsp;<\/p>\n<p>En la remota antig\u00fcedad hab\u00eda pocas formas de buscarse la vida para poder escapar con su familia formando una familia, siendo el de la pesca uno de los pocos medios a que se dedicaba la gente, que con el pastoreo, agricultura y poco m\u00e1s, se las arreglaban para poder seguir viviendo en este valle de l\u00e1grimas.<\/p>\n<p>&nbsp;<\/p>\n<p>Para el marisqueo la gente ten\u00eda en especial dos opciones principales, y la cosa era elegir la mar de arriba, que era toda la zona de debajo del risco, con Los Lomillos, o la mar de abajo, que era toda la zona desde Arrieta, cogiendo toda la costa hasta las cercan\u00edas de \u00d3rzola, y vaya que los mariscadores poco conocedores de la labor se las arreglaban cogiendo lapas, burgaos y poco m\u00e1s, pero los mariscadores m\u00e1s conocedores del h\u00e1bito, se dedicaban primordialmente a pulpiar y morenear y los m\u00e1s acostumbrados llegaban a coger buenas cantidades de estos mariscos; y ello en una \u00e9poca en que se vigilaba muy poco por la Administraci\u00f3n y no se exig\u00eda ni permiso para llevar esta labor, aunque ya existiera la ley, pero luego vino la vigilancia m\u00e1s r\u00edgida y hab\u00eda que hacerse o gestionar un permiso expreso o especial para ello.<\/p>\n<p>&nbsp;<\/p>\n<p>Antes hab\u00eda muchos j\u00f3venes ama\u00f1ados que conoc\u00edan el marisqueo, en especial el pulpiar y coger morenas y as\u00ed cog\u00edan pulpos y luego los arrastraban por el charco o la zona, y mord\u00edan las morenas que luego ca\u00edan, y es que antes hab\u00eda mucho m\u00e1s libertad para esto.<\/p>\n<p>&nbsp;<\/p>\n<p>Recuerdo ver a algunas viejitas de entonces, y otras no tan viejitas, y hasta j\u00f3venes, c\u00f3mo preparaban sus botellas de escabeche, que luego con los trabajitos que ello conllevaba, dentro de la pobreza de la \u00e9poca, con una aguja sacando los burgaos de su concha, llenando las botellas, poni\u00e9ndoles luego como final una peque\u00f1a cantidad de vinagre que cubr\u00eda los burgaos, y que los conservaba y los vend\u00edan a un precio barato, porque no hab\u00eda quien pagara unos precios m\u00e1s altos.<\/p>\n<p>&nbsp;<\/p>\n<p>Yo me referir\u00e9 a los mariscadores antiguos que hab\u00eda en M\u00e1guez entonces, y recuerdo mucho ver a los vecinos Fernando Socas Clavijo, Andr\u00e9s Betancor Reyes y mi hermano Julio Barreto Vi\u00f1oly, que formaban un equipo y siempre iban juntos, cargando a sus espaldas la gena llena de ricos mariscos, y para trayectos cortos llevaban la gena a la espalda, pero sol\u00edan tambi\u00e9n utilizar el burro para mejor cargar en trayectos posibles y cortos.<\/p>\n<p>&nbsp;<\/p>\n<p>Pero digamos que cuando se iba a la mar de arriba, hab\u00eda que subir la gena colgada a la espalda y subir todo el risco y eso era una carga muy pesada, y aunque se turnaban, siempre resultaba algo fuerte.<\/p>\n<p>&nbsp;<\/p>\n<p>Era interesante cuando se terminaba la jornada, el proceder al producto del volumen, lo que llegu\u00e9 a ver algunas veces, y era curioso el respeto que se notaba entre ellos, y cada cual se llevaba para su casa el producto de la marisquer\u00eda que le tocaba, quedando la familia muy contenta con la parte que les correspond\u00eda, pero esos ya son tiempos hist\u00f3ricos, no repetibles, porque las normas medioambientales exigen actualmente ostentar un t\u00edtulo o permiso especial para la faena.<\/p>\n<p>&nbsp;<\/p>\n<p>Hab\u00eda marisqueros en todos los pueblos, de los que desconocemos sus nombres, y nos centramos en la zona m\u00e1s conocida, como era la de M\u00e1guez y sus cercan\u00edas.<\/p>\n","protected":false},"excerpt":{"rendered":"<p>De la marisquer\u00eda y los mariscadores de la antig\u00fcedad<\/p>\n","protected":false},"author":7,"featured_media":0,"comment_status":"closed","ping_status":"closed","sticky":false,"template":"","format":"standard","meta":{"footnotes":""},"categories":[94,11],"tags":[],"class_list":["post-11954","post","type-post","status-publish","format-standard","hentry","category-balcon-de-haria","category-hoja-de-haria"],"_links":{"self":[{"href":"https:\/\/www.ayuntamientodeharia.com\/haria\/wp-json\/wp\/v2\/posts\/11954","targetHints":{"allow":["GET"]}}],"collection":[{"href":"https:\/\/www.ayuntamientodeharia.com\/haria\/wp-json\/wp\/v2\/posts"}],"about":[{"href":"https:\/\/www.ayuntamientodeharia.com\/haria\/wp-json\/wp\/v2\/types\/post"}],"author":[{"embeddable":true,"href":"https:\/\/www.ayuntamientodeharia.com\/haria\/wp-json\/wp\/v2\/users\/7"}],"replies":[{"embeddable":true,"href":"https:\/\/www.ayuntamientodeharia.com\/haria\/wp-json\/wp\/v2\/comments?post=11954"}],"version-history":[{"count":1,"href":"https:\/\/www.ayuntamientodeharia.com\/haria\/wp-json\/wp\/v2\/posts\/11954\/revisions"}],"predecessor-version":[{"id":11956,"href":"https:\/\/www.ayuntamientodeharia.com\/haria\/wp-json\/wp\/v2\/posts\/11954\/revisions\/11956"}],"wp:attachment":[{"href":"https:\/\/www.ayuntamientodeharia.com\/haria\/wp-json\/wp\/v2\/media?parent=11954"}],"wp:term":[{"taxonomy":"category","embeddable":true,"href":"https:\/\/www.ayuntamientodeharia.com\/haria\/wp-json\/wp\/v2\/categories?post=11954"},{"taxonomy":"post_tag","embeddable":true,"href":"https:\/\/www.ayuntamientodeharia.com\/haria\/wp-json\/wp\/v2\/tags?post=11954"}],"curies":[{"name":"wp","href":"https:\/\/api.w.org\/{rel}","templated":true}]}}