{"id":1194,"date":"2015-03-24T08:47:01","date_gmt":"2015-03-24T08:47:01","guid":{"rendered":"http:\/\/www.ayuntamientodeharia.com\/haria\/?p=1194"},"modified":"2015-03-24T08:47:56","modified_gmt":"2015-03-24T08:47:56","slug":"fallece-antonio-betancort-leyenda-del-futbol-nacional","status":"publish","type":"post","link":"https:\/\/www.ayuntamientodeharia.com\/haria\/fallece-antonio-betancort-leyenda-del-futbol-nacional\/","title":{"rendered":"Fallece Antonio Betancort, leyenda del f\u00fatbol nacional"},"content":{"rendered":"<p><img fetchpriority=\"high\" decoding=\"async\" class=\"alignleft size-medium wp-image-1181\" src=\"http:\/\/www.ayuntamientodeharia.com\/haria\/wp-content\/uploads\/2015\/03\/hoja-742-Antonio-Betancort-2-300x175.jpg\" alt=\"hoja 742 Antonio Betancort 2\" width=\"300\" height=\"175\" srcset=\"https:\/\/www.ayuntamientodeharia.com\/haria\/wp-content\/uploads\/2015\/03\/hoja-742-Antonio-Betancort-2-300x175.jpg 300w, https:\/\/www.ayuntamientodeharia.com\/haria\/wp-content\/uploads\/2015\/03\/hoja-742-Antonio-Betancort-2-1024x600.jpg 1024w, https:\/\/www.ayuntamientodeharia.com\/haria\/wp-content\/uploads\/2015\/03\/hoja-742-Antonio-Betancort-2.jpg 1169w\" sizes=\"(max-width: 300px) 100vw, 300px\" \/>El pasado domingo, 15 de marzo, fallec\u00eda en Las Palmas de Gran Canaria uno de las porteros de f\u00fatbol m\u00e1s sobresalientes de la d\u00e9cada de los a\u00f1os sesenta en Espa\u00f1a, el hariano Antonio Betancort. Durante sus 18 a\u00f1os de permanencia en primera divisi\u00f3n, Antonio Betancort cosech\u00f3 grandes \u00e9xitos deportivos que lo convirtieron en una aut\u00e9ntica leyenda nacional, al formar parte del Real Madrid CF, donde se consolid\u00f3 como uno de los mejores cancerberos nacionales. Antonio Betancort inici\u00f3 su andadura en el f\u00fatbol profesional en 1955, formando parte de la UD Las Palmas.<\/p>\n<p><!--more--><br \/>\nEn la temporada 1961\/1962 fich\u00f3 por el Real <a href=\"http:\/\/www.ayuntamientodeharia.com\/haria\/wp-content\/uploads\/2015\/03\/hoja-742-Antonio-Betancort-1.jpg\"><img decoding=\"async\" class=\"alignleft wp-image-1180 size-thumbnail\" src=\"http:\/\/www.ayuntamientodeharia.com\/haria\/wp-content\/uploads\/2015\/03\/hoja-742-Antonio-Betancort-1-150x150.jpg\" alt=\"hoja 742 Antonio Betancort 1\" width=\"150\" height=\"150\" \/><\/a>Madrid CF, donde permaneci\u00f3 un a\u00f1o. La temporada siguiente fue cedido al RC Deportiv, para regresar de nuevo al Real Madrid en 1963, donde permaneci\u00f3 hasta 1971. Ese mismo a\u00f1o fich\u00f3 por la UD Las Palmas, retir\u00e1ndose de la competici\u00f3n en 1973. En su palmar\u00e9s deportivo destaca su participaci\u00f3n, como titular, en dos copas internacionales, veinticuatro Champions League, dos Europa League, una Recopa de Europa y 195 partidos jugados en primera divisi\u00f3n Antonio Betancort nunca rompi\u00f3 los v\u00ednculos afectivos que lo un\u00edan a su tierra natal, a la que regresaba con asiduidad, manteniendo una relaci\u00f3n cordial y cercana con muchos vecinos y con la propia Instituci\u00f3n municipal, con la que colabor\u00f3 en muchas ocasiones.<\/p>\n<p>&nbsp;<\/p>\n<p>En el a\u00f1o 2000, el Ayuntamiento de Har\u00eda le concedi\u00f3 el \u2018Premio Har\u00eda\u2019 por su destacada y sobresaliente trayectoria deportiva.<\/p>\n","protected":false},"excerpt":{"rendered":"<p>El pasado domingo, 15 de marzo, fallec\u00eda en Las Palmas de Gran Canaria uno de las porteros de f\u00fatbol m\u00e1s sobresalientes de la d\u00e9cada de los a\u00f1os sesenta en Espa\u00f1a, el hariano Antonio Betancort. Durante sus 18 a\u00f1os de permanencia en primera divisi\u00f3n, Antonio Betancort cosech\u00f3 grandes \u00e9xitos deportivos que lo convirtieron en una aut\u00e9ntica [&hellip;]<\/p>\n","protected":false},"author":2,"featured_media":0,"comment_status":"closed","ping_status":"closed","sticky":false,"template":"","format":"standard","meta":{"footnotes":""},"categories":[17,11],"tags":[],"class_list":["post-1194","post","type-post","status-publish","format-standard","hentry","category-deportes","category-hoja-de-haria"],"_links":{"self":[{"href":"https:\/\/www.ayuntamientodeharia.com\/haria\/wp-json\/wp\/v2\/posts\/1194","targetHints":{"allow":["GET"]}}],"collection":[{"href":"https:\/\/www.ayuntamientodeharia.com\/haria\/wp-json\/wp\/v2\/posts"}],"about":[{"href":"https:\/\/www.ayuntamientodeharia.com\/haria\/wp-json\/wp\/v2\/types\/post"}],"author":[{"embeddable":true,"href":"https:\/\/www.ayuntamientodeharia.com\/haria\/wp-json\/wp\/v2\/users\/2"}],"replies":[{"embeddable":true,"href":"https:\/\/www.ayuntamientodeharia.com\/haria\/wp-json\/wp\/v2\/comments?post=1194"}],"version-history":[{"count":0,"href":"https:\/\/www.ayuntamientodeharia.com\/haria\/wp-json\/wp\/v2\/posts\/1194\/revisions"}],"wp:attachment":[{"href":"https:\/\/www.ayuntamientodeharia.com\/haria\/wp-json\/wp\/v2\/media?parent=1194"}],"wp:term":[{"taxonomy":"category","embeddable":true,"href":"https:\/\/www.ayuntamientodeharia.com\/haria\/wp-json\/wp\/v2\/categories?post=1194"},{"taxonomy":"post_tag","embeddable":true,"href":"https:\/\/www.ayuntamientodeharia.com\/haria\/wp-json\/wp\/v2\/tags?post=1194"}],"curies":[{"name":"wp","href":"https:\/\/api.w.org\/{rel}","templated":true}]}}