{"id":1190,"date":"2015-03-24T08:43:50","date_gmt":"2015-03-24T08:43:50","guid":{"rendered":"http:\/\/www.ayuntamientodeharia.com\/haria\/?p=1190"},"modified":"2015-03-24T08:43:50","modified_gmt":"2015-03-24T08:43:50","slug":"medalla-de-plata-para-el-vino-la-grieta-malvasia-volcanica","status":"publish","type":"post","link":"https:\/\/www.ayuntamientodeharia.com\/haria\/medalla-de-plata-para-el-vino-la-grieta-malvasia-volcanica\/","title":{"rendered":"Medalla de Plata para el vino \u2018La Grieta Malvas\u00eda Volc\u00e1nica\u2019"},"content":{"rendered":"<p><a href=\"http:\/\/www.ayuntamientodeharia.com\/haria\/wp-content\/uploads\/2015\/03\/hoja-742-diploma-la-grieta.jpg\"><img fetchpriority=\"high\" decoding=\"async\" class=\"alignleft size-medium wp-image-1177\" src=\"http:\/\/www.ayuntamientodeharia.com\/haria\/wp-content\/uploads\/2015\/03\/hoja-742-diploma-la-grieta-300x241.jpg\" alt=\"hoja 742 diploma la grieta\" width=\"300\" height=\"241\" srcset=\"https:\/\/www.ayuntamientodeharia.com\/haria\/wp-content\/uploads\/2015\/03\/hoja-742-diploma-la-grieta-300x241.jpg 300w, https:\/\/www.ayuntamientodeharia.com\/haria\/wp-content\/uploads\/2015\/03\/hoja-742-diploma-la-grieta.jpg 500w\" sizes=\"(max-width: 300px) 100vw, 300px\" \/><\/a>La calidad del vino \u2018La Grieta Malvas\u00eda Volc\u00e1nica\u2019, de Bodegas La Grieta, ha vuelto a ser reconocido internacionalmente al recibir la Medalla de Plata en el \u2018Catavinum World Wine and Spirits Competition 2015\u2019, celebrado en Vitoria.<\/p>\n<p>&nbsp;<\/p>\n<p>El Ayuntamiento de Har\u00eda felicita a Ricardo Socas y a Sabina Leeuwenburg por el nuevo reconocimiento internacional recibido, que avalan la calidad del vino malvas\u00eda obtenido de las vi\u00f1as de Malpa\u00eds de La Corona.<\/p>\n","protected":false},"excerpt":{"rendered":"<p>La calidad del vino \u2018La Grieta Malvas\u00eda Volc\u00e1nica\u2019, de Bodegas La Grieta, ha vuelto a ser reconocido internacionalmente al recibir la Medalla de Plata en el \u2018Catavinum World Wine and Spirits Competition 2015\u2019, celebrado en Vitoria. &nbsp; El Ayuntamiento de Har\u00eda felicita a Ricardo Socas y a Sabina Leeuwenburg por el nuevo reconocimiento internacional recibido, [&hellip;]<\/p>\n","protected":false},"author":2,"featured_media":0,"comment_status":"closed","ping_status":"closed","sticky":false,"template":"","format":"standard","meta":{"footnotes":""},"categories":[20,11],"tags":[],"class_list":["post-1190","post","type-post","status-publish","format-standard","hentry","category-agricultura","category-hoja-de-haria"],"_links":{"self":[{"href":"https:\/\/www.ayuntamientodeharia.com\/haria\/wp-json\/wp\/v2\/posts\/1190","targetHints":{"allow":["GET"]}}],"collection":[{"href":"https:\/\/www.ayuntamientodeharia.com\/haria\/wp-json\/wp\/v2\/posts"}],"about":[{"href":"https:\/\/www.ayuntamientodeharia.com\/haria\/wp-json\/wp\/v2\/types\/post"}],"author":[{"embeddable":true,"href":"https:\/\/www.ayuntamientodeharia.com\/haria\/wp-json\/wp\/v2\/users\/2"}],"replies":[{"embeddable":true,"href":"https:\/\/www.ayuntamientodeharia.com\/haria\/wp-json\/wp\/v2\/comments?post=1190"}],"version-history":[{"count":0,"href":"https:\/\/www.ayuntamientodeharia.com\/haria\/wp-json\/wp\/v2\/posts\/1190\/revisions"}],"wp:attachment":[{"href":"https:\/\/www.ayuntamientodeharia.com\/haria\/wp-json\/wp\/v2\/media?parent=1190"}],"wp:term":[{"taxonomy":"category","embeddable":true,"href":"https:\/\/www.ayuntamientodeharia.com\/haria\/wp-json\/wp\/v2\/categories?post=1190"},{"taxonomy":"post_tag","embeddable":true,"href":"https:\/\/www.ayuntamientodeharia.com\/haria\/wp-json\/wp\/v2\/tags?post=1190"}],"curies":[{"name":"wp","href":"https:\/\/api.w.org\/{rel}","templated":true}]}}