{"id":11894,"date":"2018-03-26T13:10:53","date_gmt":"2018-03-26T13:10:53","guid":{"rendered":"http:\/\/www.ayuntamientodeharia.com\/haria\/?p=11894"},"modified":"2018-03-28T12:33:30","modified_gmt":"2018-03-28T12:33:30","slug":"el-ayuntamiento-de-haria-se-solidariza-con-las-reclamaciones-de-jubilados-y-pensionistas","status":"publish","type":"post","link":"https:\/\/www.ayuntamientodeharia.com\/haria\/el-ayuntamiento-de-haria-se-solidariza-con-las-reclamaciones-de-jubilados-y-pensionistas\/","title":{"rendered":"El Ayuntamiento de Har\u00eda se solidariza con las reclamaciones de jubilados y pensionistas"},"content":{"rendered":"<p>Un lazo marr\u00f3n\u00a0cuelga de la fachada del Consistorio norte\u00f1o en se\u00f1al de apoyo a las reivindicaciones del colectivo de pensionistas y jubilados espa\u00f1oles, quienes a trav\u00e9s de los sindicatos y plataformas ciudadanas han protagonizado diferentes concentraciones por todo el pa\u00eds reclamando que se respeten sus derechos y protestando por la p\u00e9rdida de poder adquisitivo y el deterioro del sistema p\u00fablico de pensiones.<\/p>\n","protected":false},"excerpt":{"rendered":"<p>Un lazo marr\u00f3n\u00a0cuelga de la fachada del Consistorio norte\u00f1o en se\u00f1al de apoyo a las reivindicaciones del colectivo de pensionistas y jubilados espa\u00f1oles, quienes a trav\u00e9s de los sindicatos y plataformas ciudadanas han protagonizado diferentes concentraciones por todo el pa\u00eds reclamando que se respeten sus derechos y protestando por la p\u00e9rdida de poder adquisitivo y [&hellip;]<\/p>\n","protected":false},"author":7,"featured_media":11895,"comment_status":"closed","ping_status":"closed","sticky":false,"template":"","format":"standard","meta":{"footnotes":""},"categories":[11],"tags":[],"class_list":["post-11894","post","type-post","status-publish","format-standard","has-post-thumbnail","hentry","category-hoja-de-haria"],"_links":{"self":[{"href":"https:\/\/www.ayuntamientodeharia.com\/haria\/wp-json\/wp\/v2\/posts\/11894","targetHints":{"allow":["GET"]}}],"collection":[{"href":"https:\/\/www.ayuntamientodeharia.com\/haria\/wp-json\/wp\/v2\/posts"}],"about":[{"href":"https:\/\/www.ayuntamientodeharia.com\/haria\/wp-json\/wp\/v2\/types\/post"}],"author":[{"embeddable":true,"href":"https:\/\/www.ayuntamientodeharia.com\/haria\/wp-json\/wp\/v2\/users\/7"}],"replies":[{"embeddable":true,"href":"https:\/\/www.ayuntamientodeharia.com\/haria\/wp-json\/wp\/v2\/comments?post=11894"}],"version-history":[{"count":1,"href":"https:\/\/www.ayuntamientodeharia.com\/haria\/wp-json\/wp\/v2\/posts\/11894\/revisions"}],"predecessor-version":[{"id":11896,"href":"https:\/\/www.ayuntamientodeharia.com\/haria\/wp-json\/wp\/v2\/posts\/11894\/revisions\/11896"}],"wp:featuredmedia":[{"embeddable":true,"href":"https:\/\/www.ayuntamientodeharia.com\/haria\/wp-json\/wp\/v2\/media\/11895"}],"wp:attachment":[{"href":"https:\/\/www.ayuntamientodeharia.com\/haria\/wp-json\/wp\/v2\/media?parent=11894"}],"wp:term":[{"taxonomy":"category","embeddable":true,"href":"https:\/\/www.ayuntamientodeharia.com\/haria\/wp-json\/wp\/v2\/categories?post=11894"},{"taxonomy":"post_tag","embeddable":true,"href":"https:\/\/www.ayuntamientodeharia.com\/haria\/wp-json\/wp\/v2\/tags?post=11894"}],"curies":[{"name":"wp","href":"https:\/\/api.w.org\/{rel}","templated":true}]}}