{"id":11887,"date":"2018-03-23T18:04:09","date_gmt":"2018-03-23T18:04:09","guid":{"rendered":"http:\/\/www.ayuntamientodeharia.com\/haria\/?p=11887"},"modified":"2018-03-23T18:04:09","modified_gmt":"2018-03-23T18:04:09","slug":"jornada-sobre-el-relevo-generacional-en-el-sector-del-vino-en-el-monumento-al-campesino","status":"publish","type":"post","link":"https:\/\/www.ayuntamientodeharia.com\/haria\/jornada-sobre-el-relevo-generacional-en-el-sector-del-vino-en-el-monumento-al-campesino\/","title":{"rendered":"Jornada sobre \u2018El relevo generacional en el sector del vino\u2019 en el Monumento al Campesino"},"content":{"rendered":"<p><a href=\"http:\/\/www.ayuntamientodeharia.com\/haria\/wp-content\/uploads\/2018\/03\/Cartel-relevo-generacional.jpg\"><img decoding=\"async\" class=\"alignleft size-thumbnail wp-image-11888\" src=\"http:\/\/www.ayuntamientodeharia.com\/haria\/wp-content\/uploads\/2018\/03\/Cartel-relevo-generacional-150x150.jpg\" alt=\"Cartel relevo generacional\" width=\"150\" height=\"150\" \/><\/a>La Concejal\u00eda de Agricultura, coordinada por Jos\u00e9 P\u00e9rez Dorta, informa de que la Consejer\u00eda hom\u00f3loga del Cabildo de Lanzarote va a realizar una jornada sobre \u2018El relevo generacional en el sector del vino\u2019 el viernes, 23 de marzo, a las 19:00 horas, en el Monumento al Campesino.<\/p>\n<p><!--more--><\/p>\n<p>&nbsp;<\/p>\n<p>Intervendr\u00e1n Patricia Perdomo Hern\u00e1ndez, bodeguera de SAT Bodegas Perdomo (La Palma), Tamara Cruz Ralph, bodeguera de Bodegas Mondal\u00f3n (Gran Canaria) y Miguel Pacheco Quintero y Oliver Pacheco Morales, bodegueros de Bodega Guiguan (Lanzarote). Gabriel Santos Garc\u00eda, subdirector del Aula Cultural de Enoturismo y Turismo ser\u00e1 el encargado de moderar las intervenciones.<\/p>\n","protected":false},"excerpt":{"rendered":"<p>La Concejal\u00eda de Agricultura, coordinada por Jos\u00e9 P\u00e9rez Dorta, informa de que la Consejer\u00eda hom\u00f3loga del Cabildo de Lanzarote va a realizar una jornada sobre \u2018El relevo generacional en el sector del vino\u2019 el viernes, 23 de marzo, a las 19:00 horas, en el Monumento al Campesino.<\/p>\n","protected":false},"author":7,"featured_media":0,"comment_status":"closed","ping_status":"closed","sticky":false,"template":"","format":"standard","meta":{"footnotes":""},"categories":[20,11],"tags":[],"class_list":["post-11887","post","type-post","status-publish","format-standard","hentry","category-agricultura","category-hoja-de-haria"],"_links":{"self":[{"href":"https:\/\/www.ayuntamientodeharia.com\/haria\/wp-json\/wp\/v2\/posts\/11887","targetHints":{"allow":["GET"]}}],"collection":[{"href":"https:\/\/www.ayuntamientodeharia.com\/haria\/wp-json\/wp\/v2\/posts"}],"about":[{"href":"https:\/\/www.ayuntamientodeharia.com\/haria\/wp-json\/wp\/v2\/types\/post"}],"author":[{"embeddable":true,"href":"https:\/\/www.ayuntamientodeharia.com\/haria\/wp-json\/wp\/v2\/users\/7"}],"replies":[{"embeddable":true,"href":"https:\/\/www.ayuntamientodeharia.com\/haria\/wp-json\/wp\/v2\/comments?post=11887"}],"version-history":[{"count":1,"href":"https:\/\/www.ayuntamientodeharia.com\/haria\/wp-json\/wp\/v2\/posts\/11887\/revisions"}],"predecessor-version":[{"id":11889,"href":"https:\/\/www.ayuntamientodeharia.com\/haria\/wp-json\/wp\/v2\/posts\/11887\/revisions\/11889"}],"wp:attachment":[{"href":"https:\/\/www.ayuntamientodeharia.com\/haria\/wp-json\/wp\/v2\/media?parent=11887"}],"wp:term":[{"taxonomy":"category","embeddable":true,"href":"https:\/\/www.ayuntamientodeharia.com\/haria\/wp-json\/wp\/v2\/categories?post=11887"},{"taxonomy":"post_tag","embeddable":true,"href":"https:\/\/www.ayuntamientodeharia.com\/haria\/wp-json\/wp\/v2\/tags?post=11887"}],"curies":[{"name":"wp","href":"https:\/\/api.w.org\/{rel}","templated":true}]}}