{"id":11883,"date":"2018-03-23T17:55:16","date_gmt":"2018-03-23T17:55:16","guid":{"rendered":"http:\/\/www.ayuntamientodeharia.com\/haria\/?p=11883"},"modified":"2018-03-23T17:55:16","modified_gmt":"2018-03-23T17:55:16","slug":"el-ayuntamiento-de-haria-modifica-el-horario-durante-la-semana-santa-2","status":"publish","type":"post","link":"https:\/\/www.ayuntamientodeharia.com\/haria\/el-ayuntamiento-de-haria-modifica-el-horario-durante-la-semana-santa-2\/","title":{"rendered":"El Ayuntamiento de Har\u00eda modifica el horario durante la Semana Santa"},"content":{"rendered":"<p>Con motivo de la Semana Santa, las dependencias municipales reducir\u00e1n su horario de atenci\u00f3n al p\u00fablico. As\u00ed, del 26 al 28 de marzo, las oficinas y el registro general del Ayuntamiento prestar\u00e1n servicio de 08:00 a 14:00 horas.<\/p>\n","protected":false},"excerpt":{"rendered":"<p>Con motivo de la Semana Santa, las dependencias municipales reducir\u00e1n su horario de atenci\u00f3n al p\u00fablico. As\u00ed, del 26 al 28 de marzo, las oficinas y el registro general del Ayuntamiento prestar\u00e1n servicio de 08:00 a 14:00 horas.<\/p>\n","protected":false},"author":7,"featured_media":0,"comment_status":"closed","ping_status":"closed","sticky":false,"template":"","format":"standard","meta":{"footnotes":""},"categories":[32,11],"tags":[],"class_list":["post-11883","post","type-post","status-publish","format-standard","hentry","category-anuncios","category-hoja-de-haria"],"_links":{"self":[{"href":"https:\/\/www.ayuntamientodeharia.com\/haria\/wp-json\/wp\/v2\/posts\/11883","targetHints":{"allow":["GET"]}}],"collection":[{"href":"https:\/\/www.ayuntamientodeharia.com\/haria\/wp-json\/wp\/v2\/posts"}],"about":[{"href":"https:\/\/www.ayuntamientodeharia.com\/haria\/wp-json\/wp\/v2\/types\/post"}],"author":[{"embeddable":true,"href":"https:\/\/www.ayuntamientodeharia.com\/haria\/wp-json\/wp\/v2\/users\/7"}],"replies":[{"embeddable":true,"href":"https:\/\/www.ayuntamientodeharia.com\/haria\/wp-json\/wp\/v2\/comments?post=11883"}],"version-history":[{"count":1,"href":"https:\/\/www.ayuntamientodeharia.com\/haria\/wp-json\/wp\/v2\/posts\/11883\/revisions"}],"predecessor-version":[{"id":11884,"href":"https:\/\/www.ayuntamientodeharia.com\/haria\/wp-json\/wp\/v2\/posts\/11883\/revisions\/11884"}],"wp:attachment":[{"href":"https:\/\/www.ayuntamientodeharia.com\/haria\/wp-json\/wp\/v2\/media?parent=11883"}],"wp:term":[{"taxonomy":"category","embeddable":true,"href":"https:\/\/www.ayuntamientodeharia.com\/haria\/wp-json\/wp\/v2\/categories?post=11883"},{"taxonomy":"post_tag","embeddable":true,"href":"https:\/\/www.ayuntamientodeharia.com\/haria\/wp-json\/wp\/v2\/tags?post=11883"}],"curies":[{"name":"wp","href":"https:\/\/api.w.org\/{rel}","templated":true}]}}