{"id":1188,"date":"2015-03-24T08:39:24","date_gmt":"2015-03-24T08:39:24","guid":{"rendered":"http:\/\/www.ayuntamientodeharia.com\/haria\/?p=1188"},"modified":"2015-03-24T08:41:27","modified_gmt":"2015-03-24T08:41:27","slug":"las-clases-de-pilates-se-trasladan-a-punta-mujeres-y-haria","status":"publish","type":"post","link":"https:\/\/www.ayuntamientodeharia.com\/haria\/las-clases-de-pilates-se-trasladan-a-punta-mujeres-y-haria\/","title":{"rendered":"Las clases de Pilates se trasladan a Punta Mujeres y Har\u00eda"},"content":{"rendered":"<p>Las clases de Pilates cambian de horario y de ubicaci\u00f3n, con el objetivo de prestar un mejor servicio a las personas que en estos momentos se encuentran inscritas en esta actividad.<\/p>\n<p>&nbsp;<\/p>\n<p>En Har\u00eda, las clases se imparten los lunes y mi\u00e9rcoles, de 18:00 a 19:00 horas, en el Centro Sociocultural La Tegala, mientras que en Punta Mujeres tendr\u00e1n lugar los lunes y mi\u00e9rcoles, de 19:30 a 20:30 horas, en el Centro Sociocultural El Marinero<\/p>\n","protected":false},"excerpt":{"rendered":"<p>Las clases de Pilates cambian de horario y de ubicaci\u00f3n, con el objetivo de prestar un mejor servicio a las personas que en estos momentos se encuentran inscritas en esta actividad. &nbsp; En Har\u00eda, las clases se imparten los lunes y mi\u00e9rcoles, de 18:00 a 19:00 horas, en el Centro Sociocultural La Tegala, mientras que [&hellip;]<\/p>\n","protected":false},"author":2,"featured_media":0,"comment_status":"closed","ping_status":"closed","sticky":false,"template":"","format":"standard","meta":{"footnotes":""},"categories":[17,11],"tags":[],"class_list":["post-1188","post","type-post","status-publish","format-standard","hentry","category-deportes","category-hoja-de-haria"],"_links":{"self":[{"href":"https:\/\/www.ayuntamientodeharia.com\/haria\/wp-json\/wp\/v2\/posts\/1188","targetHints":{"allow":["GET"]}}],"collection":[{"href":"https:\/\/www.ayuntamientodeharia.com\/haria\/wp-json\/wp\/v2\/posts"}],"about":[{"href":"https:\/\/www.ayuntamientodeharia.com\/haria\/wp-json\/wp\/v2\/types\/post"}],"author":[{"embeddable":true,"href":"https:\/\/www.ayuntamientodeharia.com\/haria\/wp-json\/wp\/v2\/users\/2"}],"replies":[{"embeddable":true,"href":"https:\/\/www.ayuntamientodeharia.com\/haria\/wp-json\/wp\/v2\/comments?post=1188"}],"version-history":[{"count":0,"href":"https:\/\/www.ayuntamientodeharia.com\/haria\/wp-json\/wp\/v2\/posts\/1188\/revisions"}],"wp:attachment":[{"href":"https:\/\/www.ayuntamientodeharia.com\/haria\/wp-json\/wp\/v2\/media?parent=1188"}],"wp:term":[{"taxonomy":"category","embeddable":true,"href":"https:\/\/www.ayuntamientodeharia.com\/haria\/wp-json\/wp\/v2\/categories?post=1188"},{"taxonomy":"post_tag","embeddable":true,"href":"https:\/\/www.ayuntamientodeharia.com\/haria\/wp-json\/wp\/v2\/tags?post=1188"}],"curies":[{"name":"wp","href":"https:\/\/api.w.org\/{rel}","templated":true}]}}