{"id":11879,"date":"2018-03-23T17:51:29","date_gmt":"2018-03-23T17:51:29","guid":{"rendered":"http:\/\/www.ayuntamientodeharia.com\/haria\/?p=11879"},"modified":"2018-03-23T17:51:29","modified_gmt":"2018-03-23T17:51:29","slug":"el-mirador-de-guatifay-por-gregorio-barreto-vinoly","status":"publish","type":"post","link":"https:\/\/www.ayuntamientodeharia.com\/haria\/el-mirador-de-guatifay-por-gregorio-barreto-vinoly\/","title":{"rendered":"El Mirador de Guatifay. Por Gregorio Barreto Vi\u00f1oly"},"content":{"rendered":"<p><strong><a href=\"http:\/\/www.ayuntamientodeharia.com\/haria\/wp-content\/uploads\/2016\/01\/gregorio.jpg\"><img decoding=\"async\" class=\"alignleft size-thumbnail wp-image-3454\" src=\"http:\/\/www.ayuntamientodeharia.com\/haria\/wp-content\/uploads\/2016\/01\/gregorio-150x150.jpg\" alt=\"gregorio\" width=\"150\" height=\"150\" \/><\/a>De las cacer\u00edas y de los cazadores de antes<\/strong><\/p>\n<p><!--more--><\/p>\n<p>&nbsp;<\/p>\n<p>La cacer\u00eda de pardelas fue la m\u00e1s importante, a juzgar por el volumen de pardelas que se cog\u00edan antes, y ello concretamente en las islas menores del norte de Lanzarote, destacando el islote de Alegranza, seguido del islote de Monta\u00f1a Clara, y se sabe que el volumen de la cacer\u00eda en Alegranza lleg\u00f3 a alcanzar hasta un n\u00famero tan elevado como el de 12.000 unidades, y para ello hab\u00eda un equipo de cazadores como fijo, procedente del pueblo de \u00d3rzola, cuyo due\u00f1o era entonces y por much\u00edsimos a\u00f1os Don Manuel Jord\u00e1n.<\/p>\n<p>&nbsp;<\/p>\n<p>Tambi\u00e9n se cog\u00edan algunas pardelas en la isla de La Graciosa, pero con poca transcendencia, siendo muchos los que se iban a cazar a los indicados islotes. Hace ya muchos a\u00f1os que la pardela no se puede cazar porque se trata de una especie protegida.<\/p>\n<p>&nbsp;<\/p>\n<p>Tambi\u00e9n la isla de Monta\u00f1a Clara generaba muchas pardelas y esta isla tuvo varios due\u00f1os privados, destacando de \u00faltimo Don Mariano L\u00f3pez Socas, siendo interesado de ella, que tambi\u00e9n tuvo parte como due\u00f1o Don Juli\u00e1n Betancor Villalba, llegando hasta a vivir en la isla en etapas cortas, siendo otro cazador de esta isla, como due\u00f1o de propiedad, Don Gregorio Barreto Betancor, que se val\u00eda para desplazarse de barcos de la Graciosa.<\/p>\n<p>&nbsp;<\/p>\n<p>Pero en la isla de Lanzarote la cacer\u00eda de conejos fue muy importante, y para ello hab\u00eda muchos cazadores en toda la isla, algunos con una gran afici\u00f3n, que llegaba hasta a varones menores de edad y a veces se un\u00edan en grupos en los pueblos.<\/p>\n<p>&nbsp;<\/p>\n<p>En esta cacer\u00eda se pon\u00eda a prueba a personas que estaban capacitadas para caminar mucho, y de hecho hab\u00eda muchos j\u00f3venes que ten\u00edan esa capacidad, y recuerdo de hace ya much\u00edsimos a\u00f1os en que se iba a cazar a La Monta\u00f1a, a los Valles de la Triguera, Rinc\u00f3n de la Paja, Las Piletas, Valle Palomo y llegaban hasta Mala y Guatiza y otros muchos lugares, y tambi\u00e9n en la zona del Malpa\u00eds de la Corona, donde algunas veces piezas de caza se atoraba el hur\u00f3n y pasaban muchos apuros para librarlos de los monturros de piedra en que sea hallaban.<\/p>\n<p>&nbsp;<\/p>\n<p>Tambi\u00e9n se cazaban perdices, pero en un escaso volumen, lo que entreten\u00eda a mucha gente, pero se contentaban mucho los cazadores cuando cog\u00edan alguna pieza.<\/p>\n<p>&nbsp;<\/p>\n<p>Para atender a estas cacer\u00edas los cazadores contaban con unos buenos perros de caza y unos buenos hurones, pero tambi\u00e9n unas buenas escopetas de caza, y para utilizarlas hab\u00eda que obtener el permiso de armas y adem\u00e1s el permiso de caza.<\/p>\n<p>&nbsp;<\/p>\n<p>Los cazadores han temido desde siempre las correr\u00edas de la Guardia Civil, pues le tem\u00edan mucho porque hasta pon\u00edan buenas multas y les manchaban la cartilla, y por eso, a nivel de conejos, recuerdo que iban en especial por las noches, para ser menos observados por la Guardia civil, y hab\u00eda unos cazadores famosos, y hasta sus perros llegaban a coger renombre entre el colectivo, especialmente en la zona del entorno.<\/p>\n<p>&nbsp;<\/p>\n<p>Dos fallecidos recientes: El d\u00eda 2 de marzo de 2018 falleci\u00f3 en Arrecife el nativo Antonio Hern\u00e1ndez Vi\u00f1oly, conocido por Antonio el de Don Lilo, con 87 a\u00f1os de edad, viudo de Do\u00f1a Erevista Curbelo Rivera, que vivi\u00f3 en Arrecife, dejando dos hijas.<\/p>\n<p>&nbsp;<\/p>\n<p>Claudio Betancor Montero falleci\u00f3 el d\u00eda 4 de marzo de 2018, a la edad de 82 a\u00f1os, viudo de Do\u00f1a Mar\u00eda Dolores Betancor Hern\u00e1ndez, dejando dos hijos varones, Claudio y Juan Carlos Betancor Betancor.<\/p>\n","protected":false},"excerpt":{"rendered":"<p>De las cacer\u00edas y de los cazadores de antes<\/p>\n","protected":false},"author":7,"featured_media":0,"comment_status":"closed","ping_status":"closed","sticky":false,"template":"","format":"standard","meta":{"footnotes":""},"categories":[11],"tags":[],"class_list":["post-11879","post","type-post","status-publish","format-standard","hentry","category-hoja-de-haria"],"_links":{"self":[{"href":"https:\/\/www.ayuntamientodeharia.com\/haria\/wp-json\/wp\/v2\/posts\/11879","targetHints":{"allow":["GET"]}}],"collection":[{"href":"https:\/\/www.ayuntamientodeharia.com\/haria\/wp-json\/wp\/v2\/posts"}],"about":[{"href":"https:\/\/www.ayuntamientodeharia.com\/haria\/wp-json\/wp\/v2\/types\/post"}],"author":[{"embeddable":true,"href":"https:\/\/www.ayuntamientodeharia.com\/haria\/wp-json\/wp\/v2\/users\/7"}],"replies":[{"embeddable":true,"href":"https:\/\/www.ayuntamientodeharia.com\/haria\/wp-json\/wp\/v2\/comments?post=11879"}],"version-history":[{"count":1,"href":"https:\/\/www.ayuntamientodeharia.com\/haria\/wp-json\/wp\/v2\/posts\/11879\/revisions"}],"predecessor-version":[{"id":11880,"href":"https:\/\/www.ayuntamientodeharia.com\/haria\/wp-json\/wp\/v2\/posts\/11879\/revisions\/11880"}],"wp:attachment":[{"href":"https:\/\/www.ayuntamientodeharia.com\/haria\/wp-json\/wp\/v2\/media?parent=11879"}],"wp:term":[{"taxonomy":"category","embeddable":true,"href":"https:\/\/www.ayuntamientodeharia.com\/haria\/wp-json\/wp\/v2\/categories?post=11879"},{"taxonomy":"post_tag","embeddable":true,"href":"https:\/\/www.ayuntamientodeharia.com\/haria\/wp-json\/wp\/v2\/tags?post=11879"}],"curies":[{"name":"wp","href":"https:\/\/api.w.org\/{rel}","templated":true}]}}