{"id":1185,"date":"2015-03-24T08:32:58","date_gmt":"2015-03-24T08:32:58","guid":{"rendered":"http:\/\/www.ayuntamientodeharia.com\/haria\/?p=1185"},"modified":"2015-03-24T09:13:31","modified_gmt":"2015-03-24T09:13:31","slug":"reunion-con-los-vecinos-de-ye","status":"publish","type":"post","link":"https:\/\/www.ayuntamientodeharia.com\/haria\/reunion-con-los-vecinos-de-ye\/","title":{"rendered":"Reuni\u00f3n con los vecinos de Ye"},"content":{"rendered":"<p>El Ayuntamiento de Har\u00eda convoca a los vecinos del pueblo de Ye a una reuni\u00f3n informativa que tendr\u00e1 lugar el s\u00e1bado, 21 de marzo, a las 18:00 horas, en el sal\u00f3n de Centro Sociocultural El Tef\u00edo, donde se les explicar\u00e1 en qu\u00e9 consistir\u00e1 el ejercicio de simulacro de emergencias sismovolc\u00e1nica que se llevar\u00e1 a cabo el s\u00e1bado, 28 de marzo, con motivo de la celebraci\u00f3n del congreso Internacional de Emergencias Volc\u00e1nica en la Isla.<\/p>\n<p>&nbsp;<\/p>\n<p>En la reuni\u00f3n estar\u00e1n presentes el concejal de Seguridad y Emergencia, Pedro Niz; el concejal de Asuntos Sociales, Jacobo Betancor; la consejera delegada de Seguridad y Emergencias del Cabildo de Lanzarote, Soraya Brito; y el gerente del Consorcio de Seguridad y Emergencias de Lanzarote, Enrique Espinosa.<\/p>\n","protected":false},"excerpt":{"rendered":"<p>El Ayuntamiento de Har\u00eda convoca a los vecinos del pueblo de Ye a una reuni\u00f3n informativa que tendr\u00e1 lugar el s\u00e1bado, 21 de marzo, a las 18:00 horas, en el sal\u00f3n de Centro Sociocultural El Tef\u00edo, donde se les explicar\u00e1 en qu\u00e9 consistir\u00e1 el ejercicio de simulacro de emergencias sismovolc\u00e1nica que se llevar\u00e1 a cabo [&hellip;]<\/p>\n","protected":false},"author":2,"featured_media":0,"comment_status":"closed","ping_status":"closed","sticky":false,"template":"","format":"standard","meta":{"footnotes":""},"categories":[11],"tags":[],"class_list":["post-1185","post","type-post","status-publish","format-standard","hentry","category-hoja-de-haria"],"_links":{"self":[{"href":"https:\/\/www.ayuntamientodeharia.com\/haria\/wp-json\/wp\/v2\/posts\/1185","targetHints":{"allow":["GET"]}}],"collection":[{"href":"https:\/\/www.ayuntamientodeharia.com\/haria\/wp-json\/wp\/v2\/posts"}],"about":[{"href":"https:\/\/www.ayuntamientodeharia.com\/haria\/wp-json\/wp\/v2\/types\/post"}],"author":[{"embeddable":true,"href":"https:\/\/www.ayuntamientodeharia.com\/haria\/wp-json\/wp\/v2\/users\/2"}],"replies":[{"embeddable":true,"href":"https:\/\/www.ayuntamientodeharia.com\/haria\/wp-json\/wp\/v2\/comments?post=1185"}],"version-history":[{"count":0,"href":"https:\/\/www.ayuntamientodeharia.com\/haria\/wp-json\/wp\/v2\/posts\/1185\/revisions"}],"wp:attachment":[{"href":"https:\/\/www.ayuntamientodeharia.com\/haria\/wp-json\/wp\/v2\/media?parent=1185"}],"wp:term":[{"taxonomy":"category","embeddable":true,"href":"https:\/\/www.ayuntamientodeharia.com\/haria\/wp-json\/wp\/v2\/categories?post=1185"},{"taxonomy":"post_tag","embeddable":true,"href":"https:\/\/www.ayuntamientodeharia.com\/haria\/wp-json\/wp\/v2\/tags?post=1185"}],"curies":[{"name":"wp","href":"https:\/\/api.w.org\/{rel}","templated":true}]}}