{"id":1182,"date":"2015-03-24T08:06:41","date_gmt":"2015-03-24T08:06:41","guid":{"rendered":"http:\/\/www.ayuntamientodeharia.com\/haria\/?p=1182"},"modified":"2015-03-24T08:07:15","modified_gmt":"2015-03-24T08:07:15","slug":"fiestas-de-nuestra-senora-de-la-encarnacion-haria-2015","status":"publish","type":"post","link":"https:\/\/www.ayuntamientodeharia.com\/haria\/fiestas-de-nuestra-senora-de-la-encarnacion-haria-2015\/","title":{"rendered":"Fiestas de Nuestra Se\u00f1ora de la Encarnaci\u00f3n &#8211; Har\u00eda 2015"},"content":{"rendered":"<p><strong>Mi\u00e9rcoles, 25 de marzo:<\/strong><br \/>\nFestividad de Nuestra Se\u00f1ora de la Encarnaci\u00f3n<br \/>\n19:15h.- Misa en honor a Nuestra Se\u00f1ora de la Encarnaci\u00f3n.<\/p>\n<p>&nbsp;<\/p>\n<p><strong>Jueves, 26 de marzo:<\/strong><br \/>\nDe 17:00 a 19:00h.- Taller para el trenzado de palmitos en el Taller de Artesan\u00eda, previa\u00a0inscripci\u00f3n en el Departamento de Cultura.<\/p>\n<p>&nbsp;<\/p>\n<p><strong>Viernes, 27 de marzo:<\/strong><br \/>\nDe 17:00 a 19:00h.- Taller para el trenzado de palmitos en el Taller de Artesan\u00eda, previa\u00a0inscripci\u00f3n en el Departamento de Cultura.<\/p>\n<p><!--more--><\/p>\n<p><strong>S\u00e1bado, 28 de marzo:<\/strong><br \/>\n20:30h.- Representaci\u00f3n de la obra \u2018Las cosas del abuelo\u2019 a cargo del grupo Ajei de San\u00a0Bartolom\u00e9, dentro de la \u2018XXII Jornadas de Teatro Encarnaci\u00f3n Rodr\u00edguez\u2019, en el Centro\u00a0Sociocultural La Tegala.<\/p>\n<p>&nbsp;<\/p>\n<p><strong>Domingo, 29 de marzo: Domingo de Ramos<\/strong><br \/>\n12:30h.- Procesi\u00f3n con los palmitos desde la Ermita de San Juan hasta la Iglesia de Nuestra Se\u00f1ora\u00a0de la Encarnaci\u00f3n, donde se celebrar\u00e1 la misa de Domingo de Ramos.<br \/>\n14:00h.- Fiesta de la Palmera en la monta\u00f1a de La Atalaya con asadero amenizado por la Parranda\u00a0Pal Porr\u00f3n, con colchonetas y juegos infantiles. Al finalizar, bajada a la plaza de Har\u00eda.<br \/>\n18:30h.- Bingo Solidario a favor del Banco de Alimentos del municipio<\/p>\n<p>&nbsp;<\/p>\n","protected":false},"excerpt":{"rendered":"<p>Mi\u00e9rcoles, 25 de marzo: Festividad de Nuestra Se\u00f1ora de la Encarnaci\u00f3n 19:15h.- Misa en honor a Nuestra Se\u00f1ora de la Encarnaci\u00f3n. &nbsp; Jueves, 26 de marzo: De 17:00 a 19:00h.- Taller para el trenzado de palmitos en el Taller de Artesan\u00eda, previa\u00a0inscripci\u00f3n en el Departamento de Cultura. &nbsp; Viernes, 27 de marzo: De 17:00 a [&hellip;]<\/p>\n","protected":false},"author":2,"featured_media":0,"comment_status":"closed","ping_status":"closed","sticky":false,"template":"","format":"standard","meta":{"footnotes":""},"categories":[15,11],"tags":[],"class_list":["post-1182","post","type-post","status-publish","format-standard","hentry","category-festejos","category-hoja-de-haria"],"_links":{"self":[{"href":"https:\/\/www.ayuntamientodeharia.com\/haria\/wp-json\/wp\/v2\/posts\/1182","targetHints":{"allow":["GET"]}}],"collection":[{"href":"https:\/\/www.ayuntamientodeharia.com\/haria\/wp-json\/wp\/v2\/posts"}],"about":[{"href":"https:\/\/www.ayuntamientodeharia.com\/haria\/wp-json\/wp\/v2\/types\/post"}],"author":[{"embeddable":true,"href":"https:\/\/www.ayuntamientodeharia.com\/haria\/wp-json\/wp\/v2\/users\/2"}],"replies":[{"embeddable":true,"href":"https:\/\/www.ayuntamientodeharia.com\/haria\/wp-json\/wp\/v2\/comments?post=1182"}],"version-history":[{"count":0,"href":"https:\/\/www.ayuntamientodeharia.com\/haria\/wp-json\/wp\/v2\/posts\/1182\/revisions"}],"wp:attachment":[{"href":"https:\/\/www.ayuntamientodeharia.com\/haria\/wp-json\/wp\/v2\/media?parent=1182"}],"wp:term":[{"taxonomy":"category","embeddable":true,"href":"https:\/\/www.ayuntamientodeharia.com\/haria\/wp-json\/wp\/v2\/categories?post=1182"},{"taxonomy":"post_tag","embeddable":true,"href":"https:\/\/www.ayuntamientodeharia.com\/haria\/wp-json\/wp\/v2\/tags?post=1182"}],"curies":[{"name":"wp","href":"https:\/\/api.w.org\/{rel}","templated":true}]}}