{"id":11815,"date":"2018-03-09T18:28:46","date_gmt":"2018-03-09T18:28:46","guid":{"rendered":"http:\/\/www.ayuntamientodeharia.com\/haria\/?p=11815"},"modified":"2018-03-09T18:28:46","modified_gmt":"2018-03-09T18:28:46","slug":"gran-exito-de-las-jornadas-del-patrimonio-cultural-de-canarias","status":"publish","type":"post","link":"https:\/\/www.ayuntamientodeharia.com\/haria\/gran-exito-de-las-jornadas-del-patrimonio-cultural-de-canarias\/","title":{"rendered":"Gran \u00e9xito de las \u2018Jornadas del Patrimonio Cultural de Canarias\u2019"},"content":{"rendered":"<p>Las primeras \u201cJornadas del Patrimonio Cultural de Canarias\u2019, organizadas por la Concejal\u00eda de Patrimonio y la Asociaci\u00f3n Cultural Pueblo Maho y celebradas el pasado fin de semana en Har\u00eda, contaron con una gran afluencia de p\u00fablico atra\u00eddo por la calidad de los conferenciantes y de las ponencias presentadas.<\/p>\n<p><!--more--><\/p>\n<p>&nbsp;<\/p>\n<p>Tanto el viernes como el s\u00e1bado el p\u00fablico asistente a dicha jornadas, dedicadas este a\u00f1o a los \u2018Rasgos de la Cultura del Sahara y de las Poblaciones Ind\u00edgenas de Canarias\u2019, pudo conocer, a trav\u00e9s de las seis ponencias presentadas, los \u00faltimos descubrimientos realizados en torno a la poblaci\u00f3n ind\u00edgena de Canarias, el proceso de las excavaciones en Zonzamas y los trabajos arqueol\u00f3gicos realizados en el Sahara, as\u00ed como el interesant\u00edsimo trabajo de investigaci\u00f3n que se est\u00e1 realizando en los espacios sagrados de Gran Canaria (Risco Ca\u00eddo).<\/p>\n<p>&nbsp;<\/p>\n<p>El concejal de patrimonio, Jos\u00e9 P\u00e9rez Dorta, ha destacado que \u201cestas jornadas han superado las expectativas previstas, no solamente por el numeroso p\u00fablico asistente, sino tambi\u00e9n por la calidad de los ponentes; y adem\u00e1s han cumplido un doble objetivo: por un lado, el debate y la puesta en com\u00fan de los \u00faltimos estudios y trabajos realizados por los expertos y, por otro, la transmisi\u00f3n de dichos conocimientos al ciudadano de a pie\u201d.<\/p>\n","protected":false},"excerpt":{"rendered":"<p>Las primeras \u201cJornadas del Patrimonio Cultural de Canarias\u2019, organizadas por la Concejal\u00eda de Patrimonio y la Asociaci\u00f3n Cultural Pueblo Maho y celebradas el pasado fin de semana en Har\u00eda, contaron con una gran afluencia de p\u00fablico atra\u00eddo por la calidad de los conferenciantes y de las ponencias presentadas.<\/p>\n","protected":false},"author":7,"featured_media":11817,"comment_status":"closed","ping_status":"closed","sticky":false,"template":"","format":"standard","meta":{"footnotes":""},"categories":[11,204],"tags":[],"class_list":["post-11815","post","type-post","status-publish","format-standard","has-post-thumbnail","hentry","category-hoja-de-haria","category-patrimonio"],"_links":{"self":[{"href":"https:\/\/www.ayuntamientodeharia.com\/haria\/wp-json\/wp\/v2\/posts\/11815","targetHints":{"allow":["GET"]}}],"collection":[{"href":"https:\/\/www.ayuntamientodeharia.com\/haria\/wp-json\/wp\/v2\/posts"}],"about":[{"href":"https:\/\/www.ayuntamientodeharia.com\/haria\/wp-json\/wp\/v2\/types\/post"}],"author":[{"embeddable":true,"href":"https:\/\/www.ayuntamientodeharia.com\/haria\/wp-json\/wp\/v2\/users\/7"}],"replies":[{"embeddable":true,"href":"https:\/\/www.ayuntamientodeharia.com\/haria\/wp-json\/wp\/v2\/comments?post=11815"}],"version-history":[{"count":1,"href":"https:\/\/www.ayuntamientodeharia.com\/haria\/wp-json\/wp\/v2\/posts\/11815\/revisions"}],"predecessor-version":[{"id":11818,"href":"https:\/\/www.ayuntamientodeharia.com\/haria\/wp-json\/wp\/v2\/posts\/11815\/revisions\/11818"}],"wp:featuredmedia":[{"embeddable":true,"href":"https:\/\/www.ayuntamientodeharia.com\/haria\/wp-json\/wp\/v2\/media\/11817"}],"wp:attachment":[{"href":"https:\/\/www.ayuntamientodeharia.com\/haria\/wp-json\/wp\/v2\/media?parent=11815"}],"wp:term":[{"taxonomy":"category","embeddable":true,"href":"https:\/\/www.ayuntamientodeharia.com\/haria\/wp-json\/wp\/v2\/categories?post=11815"},{"taxonomy":"post_tag","embeddable":true,"href":"https:\/\/www.ayuntamientodeharia.com\/haria\/wp-json\/wp\/v2\/tags?post=11815"}],"curies":[{"name":"wp","href":"https:\/\/api.w.org\/{rel}","templated":true}]}}