{"id":11809,"date":"2018-03-09T18:23:16","date_gmt":"2018-03-09T18:23:16","guid":{"rendered":"http:\/\/www.ayuntamientodeharia.com\/haria\/?p=11809"},"modified":"2018-03-09T18:23:16","modified_gmt":"2018-03-09T18:23:16","slug":"jornadas-empresariales-sobre-el-nopal-como-recurso-de-negocio-para-lanzarote","status":"publish","type":"post","link":"https:\/\/www.ayuntamientodeharia.com\/haria\/jornadas-empresariales-sobre-el-nopal-como-recurso-de-negocio-para-lanzarote\/","title":{"rendered":"Jornadas empresariales sobre el nopal como recurso de negocio para Lanzarote"},"content":{"rendered":"<p><a href=\"http:\/\/www.ayuntamientodeharia.com\/haria\/wp-content\/uploads\/2018\/03\/Cartel-Charlas-Nopal-1.jpg\"><img decoding=\"async\" class=\"alignleft size-thumbnail wp-image-11810\" src=\"http:\/\/www.ayuntamientodeharia.com\/haria\/wp-content\/uploads\/2018\/03\/Cartel-Charlas-Nopal-1-150x150.jpg\" alt=\"Cartel Charlas Nopal (1)\" width=\"150\" height=\"150\" \/><\/a>La asociaci\u00f3n Milana, en colaboraci\u00f3n con el Cabildo de Lanzarote, los ayuntamientos de Har\u00eda y Teguise y diversas empresas de la Isla organizan unas jornadas empresariales en torno a \u2018El nopal como oportunidad de negocio para Lanzarote\u2019, que se celebrar\u00e1n el 16 de marzo en el Centro Sociocultural La Tegala de Har\u00eda y el 17 de marzo en la asociaci\u00f3n Milana de Mala, con entrada libre.<\/p>\n<p><!--more--><\/p>\n<p>&nbsp;<\/p>\n<p><strong>Viernes, 16 de marzo:<\/strong><\/p>\n<p><strong>\u00a0<\/strong><\/p>\n<p>19:00h.- Presentaci\u00f3n de las jornadas en el Centro Sociocultural La Tegala de Har\u00eda.<\/p>\n<p>De 19:15 a 19:45h.- Ponencia sobre el \u2018Nopal y nutrac\u00e9uticos. Recursos alimentarios para una vida saludable\u2019, que ser\u00e1 impartida por Manuel Blasco, catedr\u00e1tico de Biolog\u00eda Animal de la Universidad de Extremadura.<\/p>\n<p>De 19:45 a 20:15h.- Ponencia sobre \u2018Una ayuda irrenunciable para la conservaci\u00f3n del medio ambiente de Lanzarote\u2019, que ser\u00e1 impartida por Alberto Lloret, doctor en Ciencias Ambientales.<\/p>\n<p>De 20:15 a 20:30h.- Rueda de preguntas a los ponentes.<\/p>\n<p>De 20:30 a 21:00h.- Mesa redonda sobre el nopal y nuevas oportunidades de negocios innovadores para Lanzarote, donde participar\u00e1n los ponentes, t\u00e9cnicos y empresarios de la Isla.<\/p>\n<p>21:00h.- Degustaci\u00f3n de productos elaborados con nopales y tunos<\/p>\n<p>&nbsp;<\/p>\n<p><strong>S\u00e1bado, 17 de marzo:<\/strong><\/p>\n<p><strong>\u00a0<\/strong><\/p>\n<p>De 10:00 a 12:00 y de 17:00 a 19:00h. Encuentro con los ponentes para atender y orientar los proyectos empresariales relacionados con la penca (tunera) y el higo pico (tuno) en la sede de la asociaci\u00f3n Milana en Mala.<\/p>\n<p>&nbsp;<\/p>\n<p>Las personas interesadas en asistir a este encuentro deber\u00e1n concertar cita previa a trav\u00e9s de la asociaci\u00f3n Milana llamando al 928 529 320 o por correo electr\u00f3nico: <a href=\"mailto:asocmilana@gmail.com\">asocmilana@gmail.com<\/a>.<\/p>\n","protected":false},"excerpt":{"rendered":"<p>La asociaci\u00f3n Milana, en colaboraci\u00f3n con el Cabildo de Lanzarote, los ayuntamientos de Har\u00eda y Teguise y diversas empresas de la Isla organizan unas jornadas empresariales en torno a \u2018El nopal como oportunidad de negocio para Lanzarote\u2019, que se celebrar\u00e1n el 16 de marzo en el Centro Sociocultural La Tegala de Har\u00eda y el 17 [&hellip;]<\/p>\n","protected":false},"author":7,"featured_media":0,"comment_status":"closed","ping_status":"closed","sticky":false,"template":"","format":"standard","meta":{"footnotes":""},"categories":[20,11],"tags":[],"class_list":["post-11809","post","type-post","status-publish","format-standard","hentry","category-agricultura","category-hoja-de-haria"],"_links":{"self":[{"href":"https:\/\/www.ayuntamientodeharia.com\/haria\/wp-json\/wp\/v2\/posts\/11809","targetHints":{"allow":["GET"]}}],"collection":[{"href":"https:\/\/www.ayuntamientodeharia.com\/haria\/wp-json\/wp\/v2\/posts"}],"about":[{"href":"https:\/\/www.ayuntamientodeharia.com\/haria\/wp-json\/wp\/v2\/types\/post"}],"author":[{"embeddable":true,"href":"https:\/\/www.ayuntamientodeharia.com\/haria\/wp-json\/wp\/v2\/users\/7"}],"replies":[{"embeddable":true,"href":"https:\/\/www.ayuntamientodeharia.com\/haria\/wp-json\/wp\/v2\/comments?post=11809"}],"version-history":[{"count":1,"href":"https:\/\/www.ayuntamientodeharia.com\/haria\/wp-json\/wp\/v2\/posts\/11809\/revisions"}],"predecessor-version":[{"id":11811,"href":"https:\/\/www.ayuntamientodeharia.com\/haria\/wp-json\/wp\/v2\/posts\/11809\/revisions\/11811"}],"wp:attachment":[{"href":"https:\/\/www.ayuntamientodeharia.com\/haria\/wp-json\/wp\/v2\/media?parent=11809"}],"wp:term":[{"taxonomy":"category","embeddable":true,"href":"https:\/\/www.ayuntamientodeharia.com\/haria\/wp-json\/wp\/v2\/categories?post=11809"},{"taxonomy":"post_tag","embeddable":true,"href":"https:\/\/www.ayuntamientodeharia.com\/haria\/wp-json\/wp\/v2\/tags?post=11809"}],"curies":[{"name":"wp","href":"https:\/\/api.w.org\/{rel}","templated":true}]}}