{"id":11804,"date":"2018-03-09T18:15:37","date_gmt":"2018-03-09T18:15:37","guid":{"rendered":"http:\/\/www.ayuntamientodeharia.com\/haria\/?p=11804"},"modified":"2018-03-09T18:15:37","modified_gmt":"2018-03-09T18:15:37","slug":"cierre-de-varias-calles-de-orzola-para-su-reasfaltado","status":"publish","type":"post","link":"https:\/\/www.ayuntamientodeharia.com\/haria\/cierre-de-varias-calles-de-orzola-para-su-reasfaltado\/","title":{"rendered":"Cierre de varias calles de \u00d3rzola para su reasfaltado"},"content":{"rendered":"<p><a href=\"http:\/\/www.ayuntamientodeharia.com\/haria\/wp-content\/uploads\/2018\/03\/Embellecimiento-Arrieta-7.jpg\"><img decoding=\"async\" class=\"alignleft size-thumbnail wp-image-11747\" src=\"http:\/\/www.ayuntamientodeharia.com\/haria\/wp-content\/uploads\/2018\/03\/Embellecimiento-Arrieta-7-150x150.jpg\" alt=\"Embellecimiento Arrieta (7)\" width=\"150\" height=\"150\" \/><\/a>Desde la Concejal\u00eda de Infraestructuras Viarias, coordinada por Armando Bonilla, se comunica a los vecinos del pueblo de \u00d3rzola que, a partir del 12 de marzo, se proceder\u00e1 al cierre de la calle La Quemadita desde la intersecci\u00f3n con la calle playa de La Canter\u00eda hasta el muelle, con motivo de la ejecuci\u00f3n del proyecto de reasfaltado de las calles de \u00d3rzola.<\/p>\n<p><!--more--><\/p>\n<p>&nbsp;<\/p>\n<p>La circulaci\u00f3n dentro del pueblo estar\u00e1 prohibida \u00fanicamente para las guaguas, habilit\u00e1ndose para las mismas un aparcamiento junto al Centro Sociocultural El Calet\u00f3n. Para el resto de veh\u00edculos se habilitar\u00e1n desv\u00edos provisionales.<\/p>\n<p>&nbsp;<\/p>\n<p>Est\u00e1 previsto que la duraci\u00f3n estimada de los trabajos sea de una semana, por lo que desde el Ayuntamiento se pide disculpas a los vecinos por los inconvenientes y molestias que las obras les puedan causar, recomend\u00e1ndoles que est\u00e9n atentos a las se\u00f1ales provisionales y a los desv\u00edos habilitados.<\/p>\n","protected":false},"excerpt":{"rendered":"<p>Desde la Concejal\u00eda de Infraestructuras Viarias, coordinada por Armando Bonilla, se comunica a los vecinos del pueblo de \u00d3rzola que, a partir del 12 de marzo, se proceder\u00e1 al cierre de la calle La Quemadita desde la intersecci\u00f3n con la calle playa de La Canter\u00eda hasta el muelle, con motivo de la ejecuci\u00f3n del proyecto [&hellip;]<\/p>\n","protected":false},"author":7,"featured_media":0,"comment_status":"closed","ping_status":"closed","sticky":false,"template":"","format":"standard","meta":{"footnotes":""},"categories":[11,23],"tags":[],"class_list":["post-11804","post","type-post","status-publish","format-standard","hentry","category-hoja-de-haria","category-obras-y-servicios"],"_links":{"self":[{"href":"https:\/\/www.ayuntamientodeharia.com\/haria\/wp-json\/wp\/v2\/posts\/11804","targetHints":{"allow":["GET"]}}],"collection":[{"href":"https:\/\/www.ayuntamientodeharia.com\/haria\/wp-json\/wp\/v2\/posts"}],"about":[{"href":"https:\/\/www.ayuntamientodeharia.com\/haria\/wp-json\/wp\/v2\/types\/post"}],"author":[{"embeddable":true,"href":"https:\/\/www.ayuntamientodeharia.com\/haria\/wp-json\/wp\/v2\/users\/7"}],"replies":[{"embeddable":true,"href":"https:\/\/www.ayuntamientodeharia.com\/haria\/wp-json\/wp\/v2\/comments?post=11804"}],"version-history":[{"count":1,"href":"https:\/\/www.ayuntamientodeharia.com\/haria\/wp-json\/wp\/v2\/posts\/11804\/revisions"}],"predecessor-version":[{"id":11805,"href":"https:\/\/www.ayuntamientodeharia.com\/haria\/wp-json\/wp\/v2\/posts\/11804\/revisions\/11805"}],"wp:attachment":[{"href":"https:\/\/www.ayuntamientodeharia.com\/haria\/wp-json\/wp\/v2\/media?parent=11804"}],"wp:term":[{"taxonomy":"category","embeddable":true,"href":"https:\/\/www.ayuntamientodeharia.com\/haria\/wp-json\/wp\/v2\/categories?post=11804"},{"taxonomy":"post_tag","embeddable":true,"href":"https:\/\/www.ayuntamientodeharia.com\/haria\/wp-json\/wp\/v2\/tags?post=11804"}],"curies":[{"name":"wp","href":"https:\/\/api.w.org\/{rel}","templated":true}]}}