{"id":11798,"date":"2018-03-09T16:31:14","date_gmt":"2018-03-09T16:31:14","guid":{"rendered":"http:\/\/www.ayuntamientodeharia.com\/haria\/?p=11798"},"modified":"2018-03-09T16:31:14","modified_gmt":"2018-03-09T16:31:14","slug":"haria-felicita-a-bodega-la-grieta-tras-obtener-una-medalla-de-oro-en-el-concurso-catavinum-2018","status":"publish","type":"post","link":"https:\/\/www.ayuntamientodeharia.com\/haria\/haria-felicita-a-bodega-la-grieta-tras-obtener-una-medalla-de-oro-en-el-concurso-catavinum-2018\/","title":{"rendered":"Har\u00eda felicita a Bodega La Grieta tras obtener una medalla de oro en el concurso \u2018Catavinum 2018\u2019"},"content":{"rendered":"<p>El alcalde de Har\u00eda, Marci Acu\u00f1a, en su nombre y en el de toda la Corporaci\u00f3n municipal, traslada su m\u00e1s sincera felicitaci\u00f3n a Bodega La Grieta, que obtuvo una medalla de oro en el concurso \u2018Catavinum World Wine and Spirits Competition 2018\u2019, al que se presentaron referencias de m\u00e1s de 20 pa\u00edses.<\/p>\n<p><!--more--><\/p>\n<p>&nbsp;<\/p>\n<p>En esta ocasi\u00f3n, el caldo galardonado en Vitoria-Gasteiz fue el Malvas\u00eda Volc\u00e1nica, dentro de un certamen que persigue informar a los consumidores y profesionales sobre la calidad de los vinos y licores internacionales, as\u00ed como potenciar la producci\u00f3n y la elaboraci\u00f3n y contribuir a la difusi\u00f3n de su cultura.<\/p>\n<p>&nbsp;<\/p>\n<p>Cabe recordar que la bodega del norte de la Isla ha cosechado numerosos reconocimientos en distintos cert\u00e1menes. No en vano, en la edici\u00f3n 2016 de este mismo evento se hizo con dos medallas de plata por el Tinto de 2014 y el Malvas\u00eda volc\u00e1nica de 2015.<\/p>\n","protected":false},"excerpt":{"rendered":"<p>El alcalde de Har\u00eda, Marci Acu\u00f1a, en su nombre y en el de toda la Corporaci\u00f3n municipal, traslada su m\u00e1s sincera felicitaci\u00f3n a Bodega La Grieta, que obtuvo una medalla de oro en el concurso \u2018Catavinum World Wine and Spirits Competition 2018\u2019, al que se presentaron referencias de m\u00e1s de 20 pa\u00edses.<\/p>\n","protected":false},"author":7,"featured_media":10547,"comment_status":"closed","ping_status":"closed","sticky":false,"template":"","format":"standard","meta":{"footnotes":""},"categories":[20,11],"tags":[],"class_list":["post-11798","post","type-post","status-publish","format-standard","has-post-thumbnail","hentry","category-agricultura","category-hoja-de-haria"],"_links":{"self":[{"href":"https:\/\/www.ayuntamientodeharia.com\/haria\/wp-json\/wp\/v2\/posts\/11798","targetHints":{"allow":["GET"]}}],"collection":[{"href":"https:\/\/www.ayuntamientodeharia.com\/haria\/wp-json\/wp\/v2\/posts"}],"about":[{"href":"https:\/\/www.ayuntamientodeharia.com\/haria\/wp-json\/wp\/v2\/types\/post"}],"author":[{"embeddable":true,"href":"https:\/\/www.ayuntamientodeharia.com\/haria\/wp-json\/wp\/v2\/users\/7"}],"replies":[{"embeddable":true,"href":"https:\/\/www.ayuntamientodeharia.com\/haria\/wp-json\/wp\/v2\/comments?post=11798"}],"version-history":[{"count":1,"href":"https:\/\/www.ayuntamientodeharia.com\/haria\/wp-json\/wp\/v2\/posts\/11798\/revisions"}],"predecessor-version":[{"id":11799,"href":"https:\/\/www.ayuntamientodeharia.com\/haria\/wp-json\/wp\/v2\/posts\/11798\/revisions\/11799"}],"wp:featuredmedia":[{"embeddable":true,"href":"https:\/\/www.ayuntamientodeharia.com\/haria\/wp-json\/wp\/v2\/media\/10547"}],"wp:attachment":[{"href":"https:\/\/www.ayuntamientodeharia.com\/haria\/wp-json\/wp\/v2\/media?parent=11798"}],"wp:term":[{"taxonomy":"category","embeddable":true,"href":"https:\/\/www.ayuntamientodeharia.com\/haria\/wp-json\/wp\/v2\/categories?post=11798"},{"taxonomy":"post_tag","embeddable":true,"href":"https:\/\/www.ayuntamientodeharia.com\/haria\/wp-json\/wp\/v2\/tags?post=11798"}],"curies":[{"name":"wp","href":"https:\/\/api.w.org\/{rel}","templated":true}]}}