{"id":11795,"date":"2018-03-09T16:12:42","date_gmt":"2018-03-09T16:12:42","guid":{"rendered":"http:\/\/www.ayuntamientodeharia.com\/haria\/?p=11795"},"modified":"2018-03-09T16:12:42","modified_gmt":"2018-03-09T16:12:42","slug":"haria-firma-un-contrato-para-la-limpieza-y-mantenimiento-de-las-instalaciones-municipales","status":"publish","type":"post","link":"https:\/\/www.ayuntamientodeharia.com\/haria\/haria-firma-un-contrato-para-la-limpieza-y-mantenimiento-de-las-instalaciones-municipales\/","title":{"rendered":"Har\u00eda firma un contrato para la limpieza y mantenimiento de las instalaciones municipales"},"content":{"rendered":"<p>El Ayuntamiento de Har\u00eda ha suscrito un contrato de servicios por procedimiento abierto con la empresa Clece SA para la limpieza y mantenimiento de las instalaciones municipales, as\u00ed como para cubrir el servicio de porter\u00eda, por un importe de 386.229,43 euros.<\/p>\n<p><!--more--><\/p>\n<p>&nbsp;<\/p>\n<p>La duraci\u00f3n del contrato ser\u00e1 de 24 meses (2018-2020), m\u00e1s un a\u00f1o de pr\u00f3rroga, y para ello se crear\u00e1n ocho nuevos puestos de trabajo en el municipio. El contenido del mismo abarca la limpieza de todos los centros educativos de Infantil y Primaria, todos los centros socioculturales, el taller de artesan\u00eda, las dependencias de la Polic\u00eda Local, el balneario municipal y dos conserjes para los colegios de Arrieta y Har\u00eda.<\/p>\n<p>&nbsp;<\/p>\n<p>\u201cCon este contrato se resuelve uno de los problemas heredados del anterior gobierno, ya que al no disponer del mismo nos ve\u00edamos obligados a encadenar contratos menores con los consiguientes reparos de Intervenci\u00f3n, algo que hemos resuelto\u201d, ha se\u00f1alado el alcalde, Marci Acu\u00f1a, quien agradece adem\u00e1s la colaboraci\u00f3n del Cabildo insular, al llevarse a cabo el procedimiento a trav\u00e9s de la mesa de contrataci\u00f3n de la primera Instituci\u00f3n.<\/p>\n<p>&nbsp;<\/p>\n<p>Por su parte, el concejal de Mantenimiento de Bienes y Servicios, Armando Bonilla, resalta que \u201ceste acuerdo supone un paso m\u00e1s en la modernizaci\u00f3n de los servicios p\u00fablicos municipales y la mejora en la respuesta del Consistorio a las necesidades p\u00fablicas de nuestros vecinos\u201d.<\/p>\n","protected":false},"excerpt":{"rendered":"<p>El Ayuntamiento de Har\u00eda ha suscrito un contrato de servicios por procedimiento abierto con la empresa Clece SA para la limpieza y mantenimiento de las instalaciones municipales, as\u00ed como para cubrir el servicio de porter\u00eda, por un importe de 386.229,43 euros.<\/p>\n","protected":false},"author":7,"featured_media":11796,"comment_status":"closed","ping_status":"closed","sticky":false,"template":"","format":"standard","meta":{"footnotes":""},"categories":[11,23],"tags":[],"class_list":["post-11795","post","type-post","status-publish","format-standard","has-post-thumbnail","hentry","category-hoja-de-haria","category-obras-y-servicios"],"_links":{"self":[{"href":"https:\/\/www.ayuntamientodeharia.com\/haria\/wp-json\/wp\/v2\/posts\/11795","targetHints":{"allow":["GET"]}}],"collection":[{"href":"https:\/\/www.ayuntamientodeharia.com\/haria\/wp-json\/wp\/v2\/posts"}],"about":[{"href":"https:\/\/www.ayuntamientodeharia.com\/haria\/wp-json\/wp\/v2\/types\/post"}],"author":[{"embeddable":true,"href":"https:\/\/www.ayuntamientodeharia.com\/haria\/wp-json\/wp\/v2\/users\/7"}],"replies":[{"embeddable":true,"href":"https:\/\/www.ayuntamientodeharia.com\/haria\/wp-json\/wp\/v2\/comments?post=11795"}],"version-history":[{"count":1,"href":"https:\/\/www.ayuntamientodeharia.com\/haria\/wp-json\/wp\/v2\/posts\/11795\/revisions"}],"predecessor-version":[{"id":11797,"href":"https:\/\/www.ayuntamientodeharia.com\/haria\/wp-json\/wp\/v2\/posts\/11795\/revisions\/11797"}],"wp:featuredmedia":[{"embeddable":true,"href":"https:\/\/www.ayuntamientodeharia.com\/haria\/wp-json\/wp\/v2\/media\/11796"}],"wp:attachment":[{"href":"https:\/\/www.ayuntamientodeharia.com\/haria\/wp-json\/wp\/v2\/media?parent=11795"}],"wp:term":[{"taxonomy":"category","embeddable":true,"href":"https:\/\/www.ayuntamientodeharia.com\/haria\/wp-json\/wp\/v2\/categories?post=11795"},{"taxonomy":"post_tag","embeddable":true,"href":"https:\/\/www.ayuntamientodeharia.com\/haria\/wp-json\/wp\/v2\/tags?post=11795"}],"curies":[{"name":"wp","href":"https:\/\/api.w.org\/{rel}","templated":true}]}}