{"id":11792,"date":"2018-03-08T17:40:25","date_gmt":"2018-03-08T17:40:25","guid":{"rendered":"http:\/\/www.ayuntamientodeharia.com\/haria\/?p=11792"},"modified":"2018-03-09T18:34:49","modified_gmt":"2018-03-09T18:34:49","slug":"el-ayuntamiento-de-haria-se-suma-a-las-reivindicaciones-por-el-dia-internacional-de-la-mujer","status":"publish","type":"post","link":"https:\/\/www.ayuntamientodeharia.com\/haria\/el-ayuntamiento-de-haria-se-suma-a-las-reivindicaciones-por-el-dia-internacional-de-la-mujer\/","title":{"rendered":"El Ayuntamiento de Har\u00eda se suma a las reivindicaciones por el D\u00eda Internacional de la Mujer"},"content":{"rendered":"<p>Trabajadoras del Ayuntamiento de Har\u00eda han respaldado hoy las movilizaciones por el D\u00eda Internacional de la Mujer, realizando un paro de dos horas en sus turnos de trabajo, en se\u00f1al de repulsa hacia la desigualdad y los comportamientos machistas que sufre m\u00e1s de la mitad de la poblaci\u00f3n.<\/p>\n<p><!--more--><\/p>\n<p>&nbsp;<\/p>\n<p>Desde el Consistorio norte\u00f1o se apoya as\u00ed el paro internacional convocado por los derechos, la igualdad y la justicia de las mujeres, al que se han sumado m\u00e1s de 70 pa\u00edses de todo el mundo, y que en Lanzarote encabeza el Foro Contra la Violencia de G\u00e9nero, animando a la poblaci\u00f3n a participar en los distintos actos organizados para reivindicar esta fecha emblem\u00e1tica.<\/p>\n<p>&nbsp;<\/p>\n<p>El alcalde de Har\u00eda, Marci Acu\u00f1a, y la concejala de Igualdad, Auxiliadora Fern\u00e1ndez, destacan el firme compromiso de la Corporaci\u00f3n municipal \u201cen la lucha por una sociedad igualitaria, libre de opresiones, de explotaci\u00f3n y violencias machistas, de precariedad laboral y de discriminaci\u00f3n salarial\u201d.<\/p>\n<p>&nbsp;<\/p>\n<p>\u201cEntre todos podemos lograr que las nuevas generaciones vivan en una sociedad mejor, en la que no exista discriminaci\u00f3n de g\u00e9nero, acoso sexual o actitudes denigrantes hacia una persona por el mero hecho de ser mujer\u201d, han a\u00f1adido los ediles norte\u00f1os.<\/p>\n","protected":false},"excerpt":{"rendered":"<p>Trabajadoras del Ayuntamiento de Har\u00eda han respaldado hoy las movilizaciones por el D\u00eda Internacional de la Mujer, realizando un paro de dos horas en sus turnos de trabajo, en se\u00f1al de repulsa hacia la desigualdad y los comportamientos machistas que sufre m\u00e1s de la mitad de la poblaci\u00f3n.<\/p>\n","protected":false},"author":7,"featured_media":11793,"comment_status":"closed","ping_status":"closed","sticky":false,"template":"","format":"standard","meta":{"footnotes":""},"categories":[11,30],"tags":[],"class_list":["post-11792","post","type-post","status-publish","format-standard","has-post-thumbnail","hentry","category-hoja-de-haria","category-igualdad"],"_links":{"self":[{"href":"https:\/\/www.ayuntamientodeharia.com\/haria\/wp-json\/wp\/v2\/posts\/11792","targetHints":{"allow":["GET"]}}],"collection":[{"href":"https:\/\/www.ayuntamientodeharia.com\/haria\/wp-json\/wp\/v2\/posts"}],"about":[{"href":"https:\/\/www.ayuntamientodeharia.com\/haria\/wp-json\/wp\/v2\/types\/post"}],"author":[{"embeddable":true,"href":"https:\/\/www.ayuntamientodeharia.com\/haria\/wp-json\/wp\/v2\/users\/7"}],"replies":[{"embeddable":true,"href":"https:\/\/www.ayuntamientodeharia.com\/haria\/wp-json\/wp\/v2\/comments?post=11792"}],"version-history":[{"count":1,"href":"https:\/\/www.ayuntamientodeharia.com\/haria\/wp-json\/wp\/v2\/posts\/11792\/revisions"}],"predecessor-version":[{"id":11794,"href":"https:\/\/www.ayuntamientodeharia.com\/haria\/wp-json\/wp\/v2\/posts\/11792\/revisions\/11794"}],"wp:featuredmedia":[{"embeddable":true,"href":"https:\/\/www.ayuntamientodeharia.com\/haria\/wp-json\/wp\/v2\/media\/11793"}],"wp:attachment":[{"href":"https:\/\/www.ayuntamientodeharia.com\/haria\/wp-json\/wp\/v2\/media?parent=11792"}],"wp:term":[{"taxonomy":"category","embeddable":true,"href":"https:\/\/www.ayuntamientodeharia.com\/haria\/wp-json\/wp\/v2\/categories?post=11792"},{"taxonomy":"post_tag","embeddable":true,"href":"https:\/\/www.ayuntamientodeharia.com\/haria\/wp-json\/wp\/v2\/tags?post=11792"}],"curies":[{"name":"wp","href":"https:\/\/api.w.org\/{rel}","templated":true}]}}