{"id":11783,"date":"2018-03-06T09:23:23","date_gmt":"2018-03-06T09:23:23","guid":{"rendered":"http:\/\/www.ayuntamientodeharia.com\/haria\/?p=11783"},"modified":"2018-03-09T18:35:29","modified_gmt":"2018-03-09T18:35:29","slug":"el-ayuntamiento-saca-a-licitacion-las-obras-de-rehabilitacion-del-mirador-de-haria","status":"publish","type":"post","link":"https:\/\/www.ayuntamientodeharia.com\/haria\/el-ayuntamiento-saca-a-licitacion-las-obras-de-rehabilitacion-del-mirador-de-haria\/","title":{"rendered":"El Ayuntamiento saca a licitaci\u00f3n las obras de rehabilitaci\u00f3n del Mirador de Har\u00eda"},"content":{"rendered":"<p>El Ayuntamiento norte\u00f1o ha sacado a licitaci\u00f3n el contrato de obras de rehabilitaci\u00f3n del Mirador-Centro de Interpretaci\u00f3n de Har\u00eda, que deber\u00e1n ser ejecutadas en un plazo de seis meses, y que cuentan con un presupuesto de 296.599,99 euros.<\/p>\n<p><!--more--><\/p>\n<p>&nbsp;<\/p>\n<p>La fecha l\u00edmite de presentaci\u00f3n de ofertas es de 26 d\u00edas naturales a contar desde el siguiente al de la publicaci\u00f3n del anuncio en el Bolet\u00edn Oficial de la Provincia, esto es desde el s\u00e1bado 4 de marzo de 2018.<\/p>\n<p>&nbsp;<\/p>\n<p>Igualmente, la Corporaci\u00f3n municipal ha iniciado el proceso de contrataci\u00f3n p\u00fablica de los trabajos de mantenimiento y mejora de los ba\u00f1os del terrero de lucha, con un plazo de finalizaci\u00f3n de dos meses y una semana, por un valor de 69.558,46 euros.<\/p>\n<p>&nbsp;<\/p>\n<p>Las empresas interesadas pueden presentar sus ofertas durante 13 d\u00edas naturales a contar desde el siguiente al de la publicaci\u00f3n del anuncio en el Bolet\u00edn Oficial de la Provincia, es decir, desde el jueves 1 de marzo de 2018.<\/p>\n<p>&nbsp;<\/p>\n<p>Ambos proyectos est\u00e1n enmarcados en la subvenci\u00f3n concedida por el Cabildo de Lanzarote dentro del plan de inversiones del a\u00f1o 2017 del Ayuntamiento de Har\u00eda.<\/p>\n<p>&nbsp;<\/p>\n<p>El primer edil norte\u00f1o, Marci Acu\u00f1a, hace hincapi\u00e9 en la importancia del inicio de las obras en el Mirador de Har\u00eda, \u201cuna de las grandes apuestas del actual grupo de gobierno para transformar dicho espacio en un centro de interpretaci\u00f3n que incremente los atractivos del municipio y permita conocer de primera mano la realidad del norte de la Isla\u201d.<\/p>\n","protected":false},"excerpt":{"rendered":"<p>El Ayuntamiento norte\u00f1o ha sacado a licitaci\u00f3n el contrato de obras de rehabilitaci\u00f3n del Mirador-Centro de Interpretaci\u00f3n de Har\u00eda, que deber\u00e1n ser ejecutadas en un plazo de seis meses, y que cuentan con un presupuesto de 296.599,99 euros.<\/p>\n","protected":false},"author":7,"featured_media":11784,"comment_status":"closed","ping_status":"closed","sticky":false,"template":"","format":"standard","meta":{"footnotes":""},"categories":[32,11,81,23],"tags":[],"class_list":["post-11783","post","type-post","status-publish","format-standard","has-post-thumbnail","hentry","category-anuncios","category-hoja-de-haria","category-municipio","category-obras-y-servicios"],"_links":{"self":[{"href":"https:\/\/www.ayuntamientodeharia.com\/haria\/wp-json\/wp\/v2\/posts\/11783","targetHints":{"allow":["GET"]}}],"collection":[{"href":"https:\/\/www.ayuntamientodeharia.com\/haria\/wp-json\/wp\/v2\/posts"}],"about":[{"href":"https:\/\/www.ayuntamientodeharia.com\/haria\/wp-json\/wp\/v2\/types\/post"}],"author":[{"embeddable":true,"href":"https:\/\/www.ayuntamientodeharia.com\/haria\/wp-json\/wp\/v2\/users\/7"}],"replies":[{"embeddable":true,"href":"https:\/\/www.ayuntamientodeharia.com\/haria\/wp-json\/wp\/v2\/comments?post=11783"}],"version-history":[{"count":1,"href":"https:\/\/www.ayuntamientodeharia.com\/haria\/wp-json\/wp\/v2\/posts\/11783\/revisions"}],"predecessor-version":[{"id":11785,"href":"https:\/\/www.ayuntamientodeharia.com\/haria\/wp-json\/wp\/v2\/posts\/11783\/revisions\/11785"}],"wp:featuredmedia":[{"embeddable":true,"href":"https:\/\/www.ayuntamientodeharia.com\/haria\/wp-json\/wp\/v2\/media\/11784"}],"wp:attachment":[{"href":"https:\/\/www.ayuntamientodeharia.com\/haria\/wp-json\/wp\/v2\/media?parent=11783"}],"wp:term":[{"taxonomy":"category","embeddable":true,"href":"https:\/\/www.ayuntamientodeharia.com\/haria\/wp-json\/wp\/v2\/categories?post=11783"},{"taxonomy":"post_tag","embeddable":true,"href":"https:\/\/www.ayuntamientodeharia.com\/haria\/wp-json\/wp\/v2\/tags?post=11783"}],"curies":[{"name":"wp","href":"https:\/\/api.w.org\/{rel}","templated":true}]}}