{"id":11762,"date":"2018-03-02T17:45:38","date_gmt":"2018-03-02T17:45:38","guid":{"rendered":"http:\/\/www.ayuntamientodeharia.com\/haria\/?p=11762"},"modified":"2018-03-02T17:45:38","modified_gmt":"2018-03-02T17:45:38","slug":"visita-de-alumnos-del-ceip-san-juan","status":"publish","type":"post","link":"https:\/\/www.ayuntamientodeharia.com\/haria\/visita-de-alumnos-del-ceip-san-juan\/","title":{"rendered":"Visita de alumnos del CEIP San Juan"},"content":{"rendered":"<p>Alumnos de 3\u00ba y 4\u00ba de Primaria del CEIP San Juan de Har\u00eda, acompa\u00f1ados de sus respectivas tutoras y del director del centro, visitaron el Ayuntamiento norte\u00f1o, dentro del conjunto de actividades complementarias incluidas en el proyecto de estudio e investigaci\u00f3n llevado a cabo por el alumnado del ciclo \u2018Las instituciones democr\u00e1tica: la Comunidad Aut\u00f3noma de Canarias, el Cabildo y los Ayuntamientos\u2019.<\/p>\n<p><!--more--><\/p>\n<p>&nbsp;<\/p>\n<p>En el transcurso de la visita, los ni\u00f1os trasladaron al alcalde, Marci Acu\u00f1a, y a varios concejales una serie de preguntas relacionadas con el funcionamiento del Consistorio, a la vez que transmitieron algunas sugerencias para mejorar el municipio.<\/p>\n<p>&nbsp;<\/p>\n","protected":false},"excerpt":{"rendered":"<p>Alumnos de 3\u00ba y 4\u00ba de Primaria del CEIP San Juan de Har\u00eda, acompa\u00f1ados de sus respectivas tutoras y del director del centro, visitaron el Ayuntamiento norte\u00f1o, dentro del conjunto de actividades complementarias incluidas en el proyecto de estudio e investigaci\u00f3n llevado a cabo por el alumnado del ciclo \u2018Las instituciones democr\u00e1tica: la Comunidad Aut\u00f3noma [&hellip;]<\/p>\n","protected":false},"author":7,"featured_media":11763,"comment_status":"closed","ping_status":"closed","sticky":false,"template":"","format":"standard","meta":{"footnotes":""},"categories":[19,11],"tags":[],"class_list":["post-11762","post","type-post","status-publish","format-standard","has-post-thumbnail","hentry","category-formacion","category-hoja-de-haria"],"_links":{"self":[{"href":"https:\/\/www.ayuntamientodeharia.com\/haria\/wp-json\/wp\/v2\/posts\/11762","targetHints":{"allow":["GET"]}}],"collection":[{"href":"https:\/\/www.ayuntamientodeharia.com\/haria\/wp-json\/wp\/v2\/posts"}],"about":[{"href":"https:\/\/www.ayuntamientodeharia.com\/haria\/wp-json\/wp\/v2\/types\/post"}],"author":[{"embeddable":true,"href":"https:\/\/www.ayuntamientodeharia.com\/haria\/wp-json\/wp\/v2\/users\/7"}],"replies":[{"embeddable":true,"href":"https:\/\/www.ayuntamientodeharia.com\/haria\/wp-json\/wp\/v2\/comments?post=11762"}],"version-history":[{"count":1,"href":"https:\/\/www.ayuntamientodeharia.com\/haria\/wp-json\/wp\/v2\/posts\/11762\/revisions"}],"predecessor-version":[{"id":11764,"href":"https:\/\/www.ayuntamientodeharia.com\/haria\/wp-json\/wp\/v2\/posts\/11762\/revisions\/11764"}],"wp:featuredmedia":[{"embeddable":true,"href":"https:\/\/www.ayuntamientodeharia.com\/haria\/wp-json\/wp\/v2\/media\/11763"}],"wp:attachment":[{"href":"https:\/\/www.ayuntamientodeharia.com\/haria\/wp-json\/wp\/v2\/media?parent=11762"}],"wp:term":[{"taxonomy":"category","embeddable":true,"href":"https:\/\/www.ayuntamientodeharia.com\/haria\/wp-json\/wp\/v2\/categories?post=11762"},{"taxonomy":"post_tag","embeddable":true,"href":"https:\/\/www.ayuntamientodeharia.com\/haria\/wp-json\/wp\/v2\/tags?post=11762"}],"curies":[{"name":"wp","href":"https:\/\/api.w.org\/{rel}","templated":true}]}}