{"id":11756,"date":"2018-03-02T17:39:52","date_gmt":"2018-03-02T17:39:52","guid":{"rendered":"http:\/\/www.ayuntamientodeharia.com\/haria\/?p=11756"},"modified":"2018-03-02T17:39:52","modified_gmt":"2018-03-02T17:39:52","slug":"charla-teorico-practica-sobre-la-piel-y-su-cuidado-con-productos-naturales","status":"publish","type":"post","link":"https:\/\/www.ayuntamientodeharia.com\/haria\/charla-teorico-practica-sobre-la-piel-y-su-cuidado-con-productos-naturales\/","title":{"rendered":"Charla te\u00f3rico pr\u00e1ctica sobre la piel y su cuidado con productos naturales"},"content":{"rendered":"<p><a href=\"http:\/\/www.ayuntamientodeharia.com\/haria\/wp-content\/uploads\/2018\/03\/cuidado-piel.jpg\"><img decoding=\"async\" class=\"alignleft size-thumbnail wp-image-11757\" src=\"http:\/\/www.ayuntamientodeharia.com\/haria\/wp-content\/uploads\/2018\/03\/cuidado-piel-150x150.jpg\" alt=\"cuidado-piel\" width=\"150\" height=\"150\" \/><\/a>El Ayuntamiento, junto a la BioTienda del Mercado de Abastos de Har\u00eda, organizan una charla te\u00f3rico pr\u00e1ctica sobre la piel, su cuidado y la cosm\u00e9tica natural. Dicha charla ser\u00e1 impartida por Itz\u00edar D\u00edaz-Maroto, Liniers de atroposbelladonna, (cosm\u00e9tica bio, artesana y mimada) el mi\u00e9rcoles, 7 de marzo, a las 17.30 horas, en las instalaciones del Mercado de Abastos de Har\u00eda.<\/p>\n<p><!--more--><\/p>\n<p>&nbsp;<\/p>\n<p>Las personas asistentes a la charla tendr\u00e1n la oportunidad de conocer todos los aspectos relacionados con la piel y sus cuidados, adem\u00e1s de recibir un breve diagn\u00f3stico sobre su tipo de piel y de aprender c\u00f3mo realizar un automasaje con reflexolog\u00eda facial.<\/p>\n","protected":false},"excerpt":{"rendered":"<p>El Ayuntamiento, junto a la BioTienda del Mercado de Abastos de Har\u00eda, organizan una charla te\u00f3rico pr\u00e1ctica sobre la piel, su cuidado y la cosm\u00e9tica natural. Dicha charla ser\u00e1 impartida por Itz\u00edar D\u00edaz-Maroto, Liniers de atroposbelladonna, (cosm\u00e9tica bio, artesana y mimada) el mi\u00e9rcoles, 7 de marzo, a las 17.30 horas, en las instalaciones del Mercado [&hellip;]<\/p>\n","protected":false},"author":7,"featured_media":0,"comment_status":"closed","ping_status":"closed","sticky":false,"template":"","format":"standard","meta":{"footnotes":""},"categories":[11],"tags":[],"class_list":["post-11756","post","type-post","status-publish","format-standard","hentry","category-hoja-de-haria"],"_links":{"self":[{"href":"https:\/\/www.ayuntamientodeharia.com\/haria\/wp-json\/wp\/v2\/posts\/11756","targetHints":{"allow":["GET"]}}],"collection":[{"href":"https:\/\/www.ayuntamientodeharia.com\/haria\/wp-json\/wp\/v2\/posts"}],"about":[{"href":"https:\/\/www.ayuntamientodeharia.com\/haria\/wp-json\/wp\/v2\/types\/post"}],"author":[{"embeddable":true,"href":"https:\/\/www.ayuntamientodeharia.com\/haria\/wp-json\/wp\/v2\/users\/7"}],"replies":[{"embeddable":true,"href":"https:\/\/www.ayuntamientodeharia.com\/haria\/wp-json\/wp\/v2\/comments?post=11756"}],"version-history":[{"count":1,"href":"https:\/\/www.ayuntamientodeharia.com\/haria\/wp-json\/wp\/v2\/posts\/11756\/revisions"}],"predecessor-version":[{"id":11758,"href":"https:\/\/www.ayuntamientodeharia.com\/haria\/wp-json\/wp\/v2\/posts\/11756\/revisions\/11758"}],"wp:attachment":[{"href":"https:\/\/www.ayuntamientodeharia.com\/haria\/wp-json\/wp\/v2\/media?parent=11756"}],"wp:term":[{"taxonomy":"category","embeddable":true,"href":"https:\/\/www.ayuntamientodeharia.com\/haria\/wp-json\/wp\/v2\/categories?post=11756"},{"taxonomy":"post_tag","embeddable":true,"href":"https:\/\/www.ayuntamientodeharia.com\/haria\/wp-json\/wp\/v2\/tags?post=11756"}],"curies":[{"name":"wp","href":"https:\/\/api.w.org\/{rel}","templated":true}]}}