{"id":11752,"date":"2018-03-02T17:34:19","date_gmt":"2018-03-02T17:34:19","guid":{"rendered":"http:\/\/www.ayuntamientodeharia.com\/haria\/?p=11752"},"modified":"2018-03-02T17:35:01","modified_gmt":"2018-03-02T17:35:01","slug":"actividades-deportivas-del-fin-de-semana-13","status":"publish","type":"post","link":"https:\/\/www.ayuntamientodeharia.com\/haria\/actividades-deportivas-del-fin-de-semana-13\/","title":{"rendered":"Actividades deportivas del fin de semana"},"content":{"rendered":"<p><strong><u><a href=\"http:\/\/www.ayuntamientodeharia.com\/haria\/wp-content\/uploads\/2017\/03\/Cancha-de-Ye.jpg\"><img decoding=\"async\" class=\"alignleft size-thumbnail wp-image-8209\" src=\"http:\/\/www.ayuntamientodeharia.com\/haria\/wp-content\/uploads\/2017\/03\/Cancha-de-Ye-150x150.jpg\" alt=\"Cancha de Ye\" width=\"150\" height=\"150\" \/><\/a>F\u00fatbol:<\/u><\/strong><\/p>\n<p>&nbsp;<\/p>\n<p><strong>JUVENIL<\/strong><\/p>\n<p><strong>HAR\u00cdA CF RINC\u00d3N DE AGANADA &#8211;\u00a0 CD SPORTING T\u00cdAS<\/strong><\/p>\n<p>Viernes, 2 de marzo, a las 21:00h., en el campo municipal de f\u00fatbol \u201cLadislao Rodr\u00edguez Bonilla\u201d de Har\u00eda.<\/p>\n<p><!--more--><\/p>\n<p>&nbsp;<\/p>\n<p>&nbsp;<\/p>\n<p><strong>CADETE<\/strong><\/p>\n<p><strong>TAHICHE B\u00a0 CD\u00a0 &#8211; HAR\u00cdA CF RINC\u00d3N DE AGANADA <\/strong><\/p>\n<p>Domingo, 4 de marzo, a las 12:30h., en el campo municipal de f\u00fatbol de Teguise.<\/p>\n<p><strong>\u00a0<\/strong><\/p>\n<p><strong>INFANTIL<\/strong><\/p>\n<p><strong>HAR\u00cdA CF RINC\u00d3N DE AGANADA &#8211; TEGUISE C.D.<\/strong><\/p>\n<p>S\u00e1bado, 3 de marzo, a las 12:00h., en el campo municipal de f\u00fatbol \u201cLadislao Rodr\u00edguez Bonilla\u201d de Har\u00eda.<\/p>\n<p>&nbsp;<\/p>\n<p><strong>ALEV\u00cdN<\/strong><\/p>\n<p><strong>CD TAHICHE C &#8211; HAR\u00cdA CF RINC\u00d3N DE AGANADA <\/strong><\/p>\n<p>Domingo, 4 de marzo, a las 11:00h, en el campo municipal de f\u00fatbol de Teguise.<\/p>\n<p>&nbsp;<\/p>\n<p><strong>BENJAM\u00cdN<\/strong><\/p>\n<p><strong>HAR\u00cdA CF RINC\u00d3N DE AGANADA &#8211; CD LOMO C<\/strong><\/p>\n<p>S\u00e1bado, 3 de marzo, a las 11:00h, en el campo municipal de f\u00fatbol \u201cLadislao Rodr\u00edguez Bonilla\u201d de Har\u00eda.<\/p>\n<p><strong>\u00a0<\/strong><\/p>\n<p><strong>REGIONAL TERCERA DIVISI\u00d3N<\/strong><\/p>\n<p><strong>C.D. LAS SOCAS (TENERIFE) &#8211; HAR\u00cdA CF RINC\u00d3N DE AGANADA <\/strong><\/p>\n<p>S\u00e1bado, 3 de marzo, a las 17:00h.\u00a0 en Tenerife.<\/p>\n<p><strong>\u00a0<\/strong><\/p>\n<p><strong>\u00a0<\/strong><\/p>\n<p><strong><u>Baloncesto:<\/u><\/strong><\/p>\n<p>&nbsp;<\/p>\n<p><strong>CATEGOR\u00cdA BENJAM\u00cdN FEMENINA <\/strong><\/p>\n<p><strong>CB HAR\u00cdA VUELTA ARRIBA \u2013 COSTA TEGUISE<\/strong><\/p>\n<p>S\u00e1bado, 3 de marzo, a las 09:30h., en la pista 1 del Pabell\u00f3n Municipal de Titerroy, Arrecife.<\/p>\n<p>&nbsp;<\/p>\n<p><strong>CATEGOR\u00cdA MINIBASKET MASCULINA<\/strong><\/p>\n<p><strong>CB HAR\u00cdA VUELTA ARRIBA<\/strong>\u00a0 &#8211; <strong>CD TITE<\/strong><\/p>\n<p>S\u00e1bado, 3 de marzo, a las 10:30h.,\u00a0 CD Lanzarote<\/p>\n<p><strong>\u00a0<\/strong><\/p>\n<p><strong>CATEGOR\u00cdA INFANTIL FEMENINA <\/strong><\/p>\n<p><strong>ARRECIFE CONEJEROS &#8211; CB HAR\u00cdA VUELTA ARRIBA <\/strong><\/p>\n<p>S\u00e1bado, 3 de marzo, a las 16:00h., Pabell\u00f3n del IES Las Salinas, Arrecife.<\/p>\n<p>&nbsp;<\/p>\n<p><strong><u>Lucha canaria:<\/u><\/strong><\/p>\n<p>&nbsp;<\/p>\n<p><strong>CATEGOR\u00cdA S\u00c9NIOR<\/strong><\/p>\n<p><strong>CL UNI\u00d3N NORTE &#8211; CL UNI\u00d3N SUR YAIZA<\/strong><\/p>\n<p>Viernes, 2 de marzo, a las 21:00h. en el terrero de lucha \u201cLuis Montero Barreto\u201d de Har\u00eda.<\/p>\n","protected":false},"excerpt":{"rendered":"<p>F\u00fatbol: &nbsp; JUVENIL HAR\u00cdA CF RINC\u00d3N DE AGANADA &#8211;\u00a0 CD SPORTING T\u00cdAS Viernes, 2 de marzo, a las 21:00h., en el campo municipal de f\u00fatbol \u201cLadislao Rodr\u00edguez Bonilla\u201d de Har\u00eda.<\/p>\n","protected":false},"author":7,"featured_media":0,"comment_status":"closed","ping_status":"closed","sticky":false,"template":"","format":"standard","meta":{"footnotes":""},"categories":[17,11],"tags":[],"class_list":["post-11752","post","type-post","status-publish","format-standard","hentry","category-deportes","category-hoja-de-haria"],"_links":{"self":[{"href":"https:\/\/www.ayuntamientodeharia.com\/haria\/wp-json\/wp\/v2\/posts\/11752","targetHints":{"allow":["GET"]}}],"collection":[{"href":"https:\/\/www.ayuntamientodeharia.com\/haria\/wp-json\/wp\/v2\/posts"}],"about":[{"href":"https:\/\/www.ayuntamientodeharia.com\/haria\/wp-json\/wp\/v2\/types\/post"}],"author":[{"embeddable":true,"href":"https:\/\/www.ayuntamientodeharia.com\/haria\/wp-json\/wp\/v2\/users\/7"}],"replies":[{"embeddable":true,"href":"https:\/\/www.ayuntamientodeharia.com\/haria\/wp-json\/wp\/v2\/comments?post=11752"}],"version-history":[{"count":3,"href":"https:\/\/www.ayuntamientodeharia.com\/haria\/wp-json\/wp\/v2\/posts\/11752\/revisions"}],"predecessor-version":[{"id":11755,"href":"https:\/\/www.ayuntamientodeharia.com\/haria\/wp-json\/wp\/v2\/posts\/11752\/revisions\/11755"}],"wp:attachment":[{"href":"https:\/\/www.ayuntamientodeharia.com\/haria\/wp-json\/wp\/v2\/media?parent=11752"}],"wp:term":[{"taxonomy":"category","embeddable":true,"href":"https:\/\/www.ayuntamientodeharia.com\/haria\/wp-json\/wp\/v2\/categories?post=11752"},{"taxonomy":"post_tag","embeddable":true,"href":"https:\/\/www.ayuntamientodeharia.com\/haria\/wp-json\/wp\/v2\/tags?post=11752"}],"curies":[{"name":"wp","href":"https:\/\/api.w.org\/{rel}","templated":true}]}}