{"id":11740,"date":"2018-03-02T13:56:20","date_gmt":"2018-03-02T13:56:20","guid":{"rendered":"http:\/\/www.ayuntamientodeharia.com\/haria\/?p=11740"},"modified":"2018-03-02T13:57:08","modified_gmt":"2018-03-02T13:57:08","slug":"el-ayuntamiento-de-haria-acondiciona-distintos-espacios-publicos-de-arrieta","status":"publish","type":"post","link":"https:\/\/www.ayuntamientodeharia.com\/haria\/el-ayuntamiento-de-haria-acondiciona-distintos-espacios-publicos-de-arrieta\/","title":{"rendered":"El Ayuntamiento de Har\u00eda acondiciona distintos espacios p\u00fablicos de Arrieta"},"content":{"rendered":"<p>El Ayuntamiento de Har\u00eda, dentro del Plan de Mejora y Embellecimiento del Municipio, se encuentra ejecutando obras de mejora, acondicionamiento y embellecimiento del pueblo de Arrieta.<\/p>\n<p><!--more--><\/p>\n<p>&nbsp;<\/p>\n<p>Los trabajos, que est\u00e1n siendo ejecutados por los operarios municipales, consisten en actuaciones de jardiner\u00eda y pintura en espacios p\u00fablicos.<\/p>\n<p>&nbsp;<\/p>\n<p>Igualmente, se est\u00e1n realizando mejoras en el colegio de La Garita, consistentes en un cuarto de aperos y la creaci\u00f3n de un espacio l\u00fadico para los alumnos.<\/p>\n<p>&nbsp;<\/p>\n<p>\u201cNuestra apuesta por la limpieza, el embellecimiento y la educaci\u00f3n es y ser\u00e1 una constante para este grupo de gobierno\u201d, ha se\u00f1alado el primer edil norte\u00f1o, Marci Acu\u00f1a.<\/p>\n<p>&nbsp;<\/p>\n<p>Por su parte, el concejal de Mantenimiento de Bienes y Servicios, Armando Bonilla, hace hincapi\u00e9 en \u201cel esfuerzo que est\u00e1 realizando el Consistorio norte\u00f1o para adecuar los distintos espacios p\u00fablicos del municipio y mejorar la calidad de vida tanto de los vecinos como de quienes nos visitan\u201d.<\/p>\n<p><a href=\"http:\/\/www.ayuntamientodeharia.com\/haria\/wp-content\/uploads\/2018\/03\/Embellecimiento-Arrieta-1.jpg\"><img decoding=\"async\" class=\"alignleft size-thumbnail wp-image-11742\" src=\"http:\/\/www.ayuntamientodeharia.com\/haria\/wp-content\/uploads\/2018\/03\/Embellecimiento-Arrieta-1-150x150.jpg\" alt=\"Embellecimiento Arrieta (1)\" width=\"150\" height=\"150\" \/><\/a> <a href=\"http:\/\/www.ayuntamientodeharia.com\/haria\/wp-content\/uploads\/2018\/03\/Embellecimiento-Arrieta-2.jpg\"><img decoding=\"async\" class=\"alignleft size-thumbnail wp-image-11743\" src=\"http:\/\/www.ayuntamientodeharia.com\/haria\/wp-content\/uploads\/2018\/03\/Embellecimiento-Arrieta-2-150x150.jpg\" alt=\"Embellecimiento Arrieta (2)\" width=\"150\" height=\"150\" \/><\/a> <a href=\"http:\/\/www.ayuntamientodeharia.com\/haria\/wp-content\/uploads\/2018\/03\/Embellecimiento-Arrieta-3.jpg\"><img decoding=\"async\" class=\"alignleft size-thumbnail wp-image-11744\" src=\"http:\/\/www.ayuntamientodeharia.com\/haria\/wp-content\/uploads\/2018\/03\/Embellecimiento-Arrieta-3-150x150.jpg\" alt=\"Embellecimiento Arrieta (3)\" width=\"150\" height=\"150\" \/><\/a> <a href=\"http:\/\/www.ayuntamientodeharia.com\/haria\/wp-content\/uploads\/2018\/03\/Embellecimiento-Arrieta-4.jpg\"><img loading=\"lazy\" decoding=\"async\" class=\"alignleft size-thumbnail wp-image-11745\" src=\"http:\/\/www.ayuntamientodeharia.com\/haria\/wp-content\/uploads\/2018\/03\/Embellecimiento-Arrieta-4-150x150.jpg\" alt=\"Embellecimiento Arrieta (4)\" width=\"150\" height=\"150\" \/><\/a> <a href=\"http:\/\/www.ayuntamientodeharia.com\/haria\/wp-content\/uploads\/2018\/03\/Embellecimiento-Arrieta-5.jpg\"><img loading=\"lazy\" decoding=\"async\" class=\"alignleft size-thumbnail wp-image-11746\" src=\"http:\/\/www.ayuntamientodeharia.com\/haria\/wp-content\/uploads\/2018\/03\/Embellecimiento-Arrieta-5-150x150.jpg\" alt=\"Embellecimiento Arrieta (5)\" width=\"150\" height=\"150\" \/><\/a> <a href=\"http:\/\/www.ayuntamientodeharia.com\/haria\/wp-content\/uploads\/2018\/03\/Embellecimiento-Arrieta-7.jpg\"><img loading=\"lazy\" decoding=\"async\" class=\"alignleft size-thumbnail wp-image-11747\" src=\"http:\/\/www.ayuntamientodeharia.com\/haria\/wp-content\/uploads\/2018\/03\/Embellecimiento-Arrieta-7-150x150.jpg\" alt=\"Embellecimiento Arrieta (7)\" width=\"150\" height=\"150\" \/><\/a><\/p>\n","protected":false},"excerpt":{"rendered":"<p>El Ayuntamiento de Har\u00eda, dentro del Plan de Mejora y Embellecimiento del Municipio, se encuentra ejecutando obras de mejora, acondicionamiento y embellecimiento del pueblo de Arrieta.<\/p>\n","protected":false},"author":7,"featured_media":11741,"comment_status":"closed","ping_status":"closed","sticky":false,"template":"","format":"standard","meta":{"footnotes":""},"categories":[81,23],"tags":[],"class_list":["post-11740","post","type-post","status-publish","format-standard","has-post-thumbnail","hentry","category-municipio","category-obras-y-servicios"],"_links":{"self":[{"href":"https:\/\/www.ayuntamientodeharia.com\/haria\/wp-json\/wp\/v2\/posts\/11740","targetHints":{"allow":["GET"]}}],"collection":[{"href":"https:\/\/www.ayuntamientodeharia.com\/haria\/wp-json\/wp\/v2\/posts"}],"about":[{"href":"https:\/\/www.ayuntamientodeharia.com\/haria\/wp-json\/wp\/v2\/types\/post"}],"author":[{"embeddable":true,"href":"https:\/\/www.ayuntamientodeharia.com\/haria\/wp-json\/wp\/v2\/users\/7"}],"replies":[{"embeddable":true,"href":"https:\/\/www.ayuntamientodeharia.com\/haria\/wp-json\/wp\/v2\/comments?post=11740"}],"version-history":[{"count":1,"href":"https:\/\/www.ayuntamientodeharia.com\/haria\/wp-json\/wp\/v2\/posts\/11740\/revisions"}],"predecessor-version":[{"id":11748,"href":"https:\/\/www.ayuntamientodeharia.com\/haria\/wp-json\/wp\/v2\/posts\/11740\/revisions\/11748"}],"wp:featuredmedia":[{"embeddable":true,"href":"https:\/\/www.ayuntamientodeharia.com\/haria\/wp-json\/wp\/v2\/media\/11741"}],"wp:attachment":[{"href":"https:\/\/www.ayuntamientodeharia.com\/haria\/wp-json\/wp\/v2\/media?parent=11740"}],"wp:term":[{"taxonomy":"category","embeddable":true,"href":"https:\/\/www.ayuntamientodeharia.com\/haria\/wp-json\/wp\/v2\/categories?post=11740"},{"taxonomy":"post_tag","embeddable":true,"href":"https:\/\/www.ayuntamientodeharia.com\/haria\/wp-json\/wp\/v2\/tags?post=11740"}],"curies":[{"name":"wp","href":"https:\/\/api.w.org\/{rel}","templated":true}]}}