{"id":11729,"date":"2018-02-28T13:50:46","date_gmt":"2018-02-28T13:50:46","guid":{"rendered":"http:\/\/www.ayuntamientodeharia.com\/haria\/?p=11729"},"modified":"2018-02-28T13:50:46","modified_gmt":"2018-02-28T13:50:46","slug":"el-ayuntamiento-de-haria-suspende-las-actividades-deportivas-y-culturales-debido-a-la-situacion-meteorologica","status":"publish","type":"post","link":"https:\/\/www.ayuntamientodeharia.com\/haria\/el-ayuntamiento-de-haria-suspende-las-actividades-deportivas-y-culturales-debido-a-la-situacion-meteorologica\/","title":{"rendered":"El Ayuntamiento de Har\u00eda suspende las actividades deportivas y culturales debido a la situaci\u00f3n meteorol\u00f3gica"},"content":{"rendered":"<p>El Ayuntamiento de Har\u00eda, ante la declaraci\u00f3n de la Direcci\u00f3n General de Seguridad y Emergencias del Gobierno de Canarias, activando la situaci\u00f3n de alerta por fen\u00f3meno meteorol\u00f3gico adverso por lluvias y viento, ha decidido el cierre de todas las instalaciones deportivas y culturales municipales, as\u00ed como la suspensi\u00f3n de las actividades previstas al aire libre en las v\u00edas e instalaciones p\u00fablicas.<\/p>\n<p><!--more--><\/p>\n<p>&nbsp;<\/p>\n<p>Dicho cierre y suspensi\u00f3n se har\u00e1n efectivos de forma inmediata y se extender\u00e1n hasta conocer la evoluci\u00f3n de los fen\u00f3menos atmosf\u00e9ricos en el norte de la Isla. Dependiendo de la evoluci\u00f3n de la situaci\u00f3n, se estudiar\u00e1 la conveniencia de adoptar otro tipo de medidas a nivel municipal.<\/p>\n<p>&nbsp;<\/p>\n<p>Sin perjuicio del cierre y suspensi\u00f3n acordados, se recomienda a la poblaci\u00f3n que evite, en la medida de lo posible, cualquier tipo de actividad l\u00fadica o recreativa en espacios abiertos.<\/p>\n","protected":false},"excerpt":{"rendered":"<p>El Ayuntamiento de Har\u00eda, ante la declaraci\u00f3n de la Direcci\u00f3n General de Seguridad y Emergencias del Gobierno de Canarias, activando la situaci\u00f3n de alerta por fen\u00f3meno meteorol\u00f3gico adverso por lluvias y viento, ha decidido el cierre de todas las instalaciones deportivas y culturales municipales, as\u00ed como la suspensi\u00f3n de las actividades previstas al aire libre [&hellip;]<\/p>\n","protected":false},"author":7,"featured_media":9914,"comment_status":"closed","ping_status":"closed","sticky":false,"template":"","format":"standard","meta":{"footnotes":""},"categories":[32,84],"tags":[],"class_list":["post-11729","post","type-post","status-publish","format-standard","has-post-thumbnail","hentry","category-anuncios","category-seguridad-y-emergencias"],"_links":{"self":[{"href":"https:\/\/www.ayuntamientodeharia.com\/haria\/wp-json\/wp\/v2\/posts\/11729","targetHints":{"allow":["GET"]}}],"collection":[{"href":"https:\/\/www.ayuntamientodeharia.com\/haria\/wp-json\/wp\/v2\/posts"}],"about":[{"href":"https:\/\/www.ayuntamientodeharia.com\/haria\/wp-json\/wp\/v2\/types\/post"}],"author":[{"embeddable":true,"href":"https:\/\/www.ayuntamientodeharia.com\/haria\/wp-json\/wp\/v2\/users\/7"}],"replies":[{"embeddable":true,"href":"https:\/\/www.ayuntamientodeharia.com\/haria\/wp-json\/wp\/v2\/comments?post=11729"}],"version-history":[{"count":1,"href":"https:\/\/www.ayuntamientodeharia.com\/haria\/wp-json\/wp\/v2\/posts\/11729\/revisions"}],"predecessor-version":[{"id":11730,"href":"https:\/\/www.ayuntamientodeharia.com\/haria\/wp-json\/wp\/v2\/posts\/11729\/revisions\/11730"}],"wp:featuredmedia":[{"embeddable":true,"href":"https:\/\/www.ayuntamientodeharia.com\/haria\/wp-json\/wp\/v2\/media\/9914"}],"wp:attachment":[{"href":"https:\/\/www.ayuntamientodeharia.com\/haria\/wp-json\/wp\/v2\/media?parent=11729"}],"wp:term":[{"taxonomy":"category","embeddable":true,"href":"https:\/\/www.ayuntamientodeharia.com\/haria\/wp-json\/wp\/v2\/categories?post=11729"},{"taxonomy":"post_tag","embeddable":true,"href":"https:\/\/www.ayuntamientodeharia.com\/haria\/wp-json\/wp\/v2\/tags?post=11729"}],"curies":[{"name":"wp","href":"https:\/\/api.w.org\/{rel}","templated":true}]}}