{"id":11703,"date":"2018-02-24T08:57:59","date_gmt":"2018-02-24T08:57:59","guid":{"rendered":"http:\/\/www.ayuntamientodeharia.com\/haria\/?p=11703"},"modified":"2018-02-24T08:57:59","modified_gmt":"2018-02-24T08:57:59","slug":"convocadas-las-pruebas-para-la-acreditacion-de-competencias-clave-de-n2-y-n3","status":"publish","type":"post","link":"https:\/\/www.ayuntamientodeharia.com\/haria\/convocadas-las-pruebas-para-la-acreditacion-de-competencias-clave-de-n2-y-n3\/","title":{"rendered":"Convocadas las pruebas para la acreditaci\u00f3n de competencias clave de N2 y N3"},"content":{"rendered":"<p style=\"margin: 0cm; margin-bottom: .0001pt; text-align: justify; background: white; vertical-align: baseline;\"><span style=\"font-family: 'Verdana','sans-serif';\"><a href=\"http:\/\/www.ayuntamientodeharia.com\/haria\/wp-content\/uploads\/2017\/07\/libros.jpg\"><img decoding=\"async\" class=\"alignleft size-thumbnail wp-image-9943\" src=\"http:\/\/www.ayuntamientodeharia.com\/haria\/wp-content\/uploads\/2017\/07\/libros-150x150.jpg\" alt=\"libros\" width=\"150\" height=\"150\" \/><\/a>Desde la Concejal\u00eda de Educaci\u00f3n comunica a los vecinos del municipio que el Centro de Educaci\u00f3n de Personas Adultas de Lanzarote CEPA Titerroygatra ha establecido las siguientes fechas para la realizaci\u00f3n de las pruebas de acreditaci\u00f3n de competencias clave de N2 y N3: 28 de febrero, 21 de marzo, 25 de abril y 9 de mayo.<\/span><\/p>\n<p style=\"margin: 0cm; margin-bottom: .0001pt; text-align: justify; background: white; vertical-align: baseline;\"><!--more--><\/p>\n<p style=\"margin: 0cm; margin-bottom: .0001pt; text-align: justify; background: white; vertical-align: baseline;\">\n<p style=\"margin: 0cm; margin-bottom: .0001pt; text-align: justify; background: white; vertical-align: baseline;\"><span style=\"font-family: 'Verdana','sans-serif';\">\u00a0<\/span><\/p>\n<p style=\"margin: 0cm; margin-bottom: .0001pt; text-align: justify; background: white; vertical-align: baseline;\"><span style=\"font-family: 'Verdana','sans-serif';\">M\u00e1s informaci\u00f3n y matr\u00edcula en la sede del Centro en Arrecife, c\/ Carlos III, s\/n, de lunes a jueves, de 09:00 a 13:00 horas y de 18:00 a 20:00 horas, y los viernes, de 09:00 a 13:00 horas. <\/span><\/p>\n","protected":false},"excerpt":{"rendered":"<p>Desde la Concejal\u00eda de Educaci\u00f3n comunica a los vecinos del municipio que el Centro de Educaci\u00f3n de Personas Adultas de Lanzarote CEPA Titerroygatra ha establecido las siguientes fechas para la realizaci\u00f3n de las pruebas de acreditaci\u00f3n de competencias clave de N2 y N3: 28 de febrero, 21 de marzo, 25 de abril y 9 de [&hellip;]<\/p>\n","protected":false},"author":7,"featured_media":0,"comment_status":"closed","ping_status":"closed","sticky":false,"template":"","format":"standard","meta":{"footnotes":""},"categories":[19,11],"tags":[],"class_list":["post-11703","post","type-post","status-publish","format-standard","hentry","category-formacion","category-hoja-de-haria"],"_links":{"self":[{"href":"https:\/\/www.ayuntamientodeharia.com\/haria\/wp-json\/wp\/v2\/posts\/11703","targetHints":{"allow":["GET"]}}],"collection":[{"href":"https:\/\/www.ayuntamientodeharia.com\/haria\/wp-json\/wp\/v2\/posts"}],"about":[{"href":"https:\/\/www.ayuntamientodeharia.com\/haria\/wp-json\/wp\/v2\/types\/post"}],"author":[{"embeddable":true,"href":"https:\/\/www.ayuntamientodeharia.com\/haria\/wp-json\/wp\/v2\/users\/7"}],"replies":[{"embeddable":true,"href":"https:\/\/www.ayuntamientodeharia.com\/haria\/wp-json\/wp\/v2\/comments?post=11703"}],"version-history":[{"count":1,"href":"https:\/\/www.ayuntamientodeharia.com\/haria\/wp-json\/wp\/v2\/posts\/11703\/revisions"}],"predecessor-version":[{"id":11704,"href":"https:\/\/www.ayuntamientodeharia.com\/haria\/wp-json\/wp\/v2\/posts\/11703\/revisions\/11704"}],"wp:attachment":[{"href":"https:\/\/www.ayuntamientodeharia.com\/haria\/wp-json\/wp\/v2\/media?parent=11703"}],"wp:term":[{"taxonomy":"category","embeddable":true,"href":"https:\/\/www.ayuntamientodeharia.com\/haria\/wp-json\/wp\/v2\/categories?post=11703"},{"taxonomy":"post_tag","embeddable":true,"href":"https:\/\/www.ayuntamientodeharia.com\/haria\/wp-json\/wp\/v2\/tags?post=11703"}],"curies":[{"name":"wp","href":"https:\/\/api.w.org\/{rel}","templated":true}]}}