{"id":11678,"date":"2018-02-23T13:21:42","date_gmt":"2018-02-23T13:21:42","guid":{"rendered":"http:\/\/www.ayuntamientodeharia.com\/haria\/?p=11678"},"modified":"2018-02-23T14:50:21","modified_gmt":"2018-02-23T14:50:21","slug":"mas-de-300-alumnos-participan-en-el-pasacalle-de-la-inclusion-en-haria","status":"publish","type":"post","link":"https:\/\/www.ayuntamientodeharia.com\/haria\/mas-de-300-alumnos-participan-en-el-pasacalle-de-la-inclusion-en-haria\/","title":{"rendered":"M\u00e1s de 300 alumnos participan en el pasacalle de la inclusi\u00f3n en Har\u00eda"},"content":{"rendered":"<p>M\u00e1s de 300 alumnos participaron este viernes en el pasacalle de la inclusi\u00f3n que se celebr\u00f3, por segundo a\u00f1o consecutivo, con motivo de las Fiestas de Carnaval en el municipio norte\u00f1o.<\/p>\n<p><!--more--><\/p>\n<p>&nbsp;<\/p>\n<p>La comitiva estuvo encabezada por ni\u00f1os del CEIP San Juan de Har\u00eda, as\u00ed como del primer y segundo curso de la ESO del IES Har\u00eda, que se dirigieron a la Plaza, donde se llevaron a cabo distintas actuaciones.<\/p>\n<p>&nbsp;<\/p>\n<p>Asimismo, acudieron al acto las aulas en clave del CEIP Alcalde Rafael Cedr\u00e9s de T\u00edas; CEIP C\u00e9sar Manrique Cabrera de Teguise; CEIP Concepci\u00f3n Rodr\u00edguez Artiles de T\u00edas; CEO Argana de Arrecife; IES Las Maretas de Arrecife; IES Las Salinas de Arrecife; IES Playa Honda de San Bartolom\u00e9; e IES San Bartolom\u00e9.<\/p>\n<p>&nbsp;<\/p>\n<p>Se sumaron tambi\u00e9n a este pasacalle alumnos de ADISLAN y del CEE Nuestra Se\u00f1ora de los Volcanes de Tah\u00edche, al igual que estudiantes del ciclo de Integraci\u00f3n Social del IES de Teguise, que participaron de forma voluntaria en la organizaci\u00f3n del mismo.<\/p>\n<p>&nbsp;<\/p>\n<p>El alcalde de Har\u00eda, Marci Acu\u00f1a, felicita a\u00a0los alumnos &#8220;por este emotivo y simb\u00f3lico acto que esperamos se convierta en una tradici\u00f3n en el programa del Carnaval norte\u00f1o, y que supone la antesala a un fin de semana de diversi\u00f3n y alegr\u00eda en el municipio\u201d.<\/p>\n<p><a href=\"http:\/\/www.ayuntamientodeharia.com\/haria\/wp-content\/uploads\/2018\/02\/Pasacalle-Inclusi\u00f3n-Har\u00eda-1.jpg\"><img decoding=\"async\" class=\"alignleft size-thumbnail wp-image-11685\" src=\"http:\/\/www.ayuntamientodeharia.com\/haria\/wp-content\/uploads\/2018\/02\/Pasacalle-Inclusi\u00f3n-Har\u00eda-1-150x150.jpg\" alt=\"Pasacalle Inclusi\u00f3n Har\u00eda (1)\" width=\"150\" height=\"150\" \/><\/a> <a href=\"http:\/\/www.ayuntamientodeharia.com\/haria\/wp-content\/uploads\/2018\/02\/Pasacalle-Inclusi\u00f3n-Har\u00eda-2.jpg\"><img decoding=\"async\" class=\"alignleft size-thumbnail wp-image-11686\" src=\"http:\/\/www.ayuntamientodeharia.com\/haria\/wp-content\/uploads\/2018\/02\/Pasacalle-Inclusi\u00f3n-Har\u00eda-2-150x150.jpg\" alt=\"Pasacalle Inclusi\u00f3n Har\u00eda (2)\" width=\"150\" height=\"150\" \/><\/a> <a href=\"http:\/\/www.ayuntamientodeharia.com\/haria\/wp-content\/uploads\/2018\/02\/Pasacalle-Inclusi\u00f3n-Har\u00eda-4.jpg\"><img decoding=\"async\" class=\"alignleft size-thumbnail wp-image-11687\" src=\"http:\/\/www.ayuntamientodeharia.com\/haria\/wp-content\/uploads\/2018\/02\/Pasacalle-Inclusi\u00f3n-Har\u00eda-4-150x150.jpg\" alt=\"Pasacalle Inclusi\u00f3n Har\u00eda (4)\" width=\"150\" height=\"150\" \/><\/a><\/p>\n<p>&nbsp;<\/p>\n","protected":false},"excerpt":{"rendered":"<p>M\u00e1s de 300 alumnos participaron este viernes en el pasacalle de la inclusi\u00f3n que se celebr\u00f3, por segundo a\u00f1o consecutivo, con motivo de las Fiestas de Carnaval en el municipio norte\u00f1o.<\/p>\n","protected":false},"author":7,"featured_media":11683,"comment_status":"closed","ping_status":"closed","sticky":false,"template":"","format":"standard","meta":{"footnotes":""},"categories":[15,11,30],"tags":[],"class_list":["post-11678","post","type-post","status-publish","format-standard","has-post-thumbnail","hentry","category-festejos","category-hoja-de-haria","category-igualdad"],"_links":{"self":[{"href":"https:\/\/www.ayuntamientodeharia.com\/haria\/wp-json\/wp\/v2\/posts\/11678","targetHints":{"allow":["GET"]}}],"collection":[{"href":"https:\/\/www.ayuntamientodeharia.com\/haria\/wp-json\/wp\/v2\/posts"}],"about":[{"href":"https:\/\/www.ayuntamientodeharia.com\/haria\/wp-json\/wp\/v2\/types\/post"}],"author":[{"embeddable":true,"href":"https:\/\/www.ayuntamientodeharia.com\/haria\/wp-json\/wp\/v2\/users\/7"}],"replies":[{"embeddable":true,"href":"https:\/\/www.ayuntamientodeharia.com\/haria\/wp-json\/wp\/v2\/comments?post=11678"}],"version-history":[{"count":5,"href":"https:\/\/www.ayuntamientodeharia.com\/haria\/wp-json\/wp\/v2\/posts\/11678\/revisions"}],"predecessor-version":[{"id":11689,"href":"https:\/\/www.ayuntamientodeharia.com\/haria\/wp-json\/wp\/v2\/posts\/11678\/revisions\/11689"}],"wp:featuredmedia":[{"embeddable":true,"href":"https:\/\/www.ayuntamientodeharia.com\/haria\/wp-json\/wp\/v2\/media\/11683"}],"wp:attachment":[{"href":"https:\/\/www.ayuntamientodeharia.com\/haria\/wp-json\/wp\/v2\/media?parent=11678"}],"wp:term":[{"taxonomy":"category","embeddable":true,"href":"https:\/\/www.ayuntamientodeharia.com\/haria\/wp-json\/wp\/v2\/categories?post=11678"},{"taxonomy":"post_tag","embeddable":true,"href":"https:\/\/www.ayuntamientodeharia.com\/haria\/wp-json\/wp\/v2\/tags?post=11678"}],"curies":[{"name":"wp","href":"https:\/\/api.w.org\/{rel}","templated":true}]}}