{"id":11668,"date":"2018-02-23T10:34:58","date_gmt":"2018-02-23T10:34:58","guid":{"rendered":"http:\/\/www.ayuntamientodeharia.com\/haria\/?p=11668"},"modified":"2018-02-23T10:34:58","modified_gmt":"2018-02-23T10:34:58","slug":"arranco-el-carnaval-medieval-de-haria","status":"publish","type":"post","link":"https:\/\/www.ayuntamientodeharia.com\/haria\/arranco-el-carnaval-medieval-de-haria\/","title":{"rendered":"Arranc\u00f3 el Carnaval Medieval de Har\u00eda"},"content":{"rendered":"<p>Este jueves, 22 de febrero, dio comienzo el programa organizado por el \u00e1rea de Festejos del Ayuntamiento con motivo de la celebraci\u00f3n del Carnaval Medieval de Har\u00eda, con la ya tradicional fiesta para las personas mayores del municipio en el Centro Sociocultural La Tegala.<\/p>\n<p><!--more--><\/p>\n<p>&nbsp;<\/p>\n<p>Ya por la noche fue el turno del preg\u00f3n a cargo de Gustavo Navarro y la Gala Inaugural del Carnaval con la actuaci\u00f3n de Escuela de Circo Aerial, Drag Eros, Comparsa Los Cumbacheros y Escuela de Bailes Latinos El Norte Dance.<\/p>\n<p>&nbsp;<\/p>\n<p>Para hoy viernes est\u00e1 previsto el III Encuentro de Murgas, con Tablet\u00faos, Titi Roys, Vacilonas y Desahuciados, y la actuaci\u00f3n de la Batucada Villa Pipol, para continuar con la verbena con Furia Joven y Naiyimbe.<\/p>\n<p>&nbsp;<\/p>\n<p>El gran Coso del Carnaval, el plato fuerte de las fiestas, tendr\u00e1 lugar ma\u00f1ana s\u00e1bado desde las 19:00 horas, con desfile de carrozas, murgas, comparsas, batucadas y un gran n\u00famero de mascaritas, con salida desde los aparcamientos del cementerio, para finalizar en la Plaza de Har\u00eda. La noche se cerrar\u00e1 con la verbena con la orquesta Furia Joven de Gran Canaria y C\u00f3digo 0 de Fuerteventura.<\/p>\n<p>&nbsp;<\/p>\n<p>El domingo se pondr\u00e1 el punto y final desde el mediod\u00eda con el Carnaval de la Tapa y la actuaci\u00f3n de Kardomillo y Si es tarde nos vamos, continuando por la tarde con el Carnaval del Llanto y el entierro de la Sardina, acompa\u00f1ado de la batucada Woman Batuca, y concluyendo con show humor\u00edstico de Jaime Marrero y Xayo.<\/p>\n<p><a href=\"http:\/\/www.ayuntamientodeharia.com\/haria\/wp-content\/uploads\/2018\/02\/Actuaci\u00f3n-de-Drag-Eros.jpg\"><img decoding=\"async\" class=\"alignleft size-thumbnail wp-image-11670\" src=\"http:\/\/www.ayuntamientodeharia.com\/haria\/wp-content\/uploads\/2018\/02\/Actuaci\u00f3n-de-Drag-Eros-150x150.jpg\" alt=\"Actuaci\u00f3n de Drag Eros\" width=\"150\" height=\"150\" \/><\/a> <a href=\"http:\/\/www.ayuntamientodeharia.com\/haria\/wp-content\/uploads\/2018\/02\/Baile-en-el-CSC-La-Tegala.jpg\"><img decoding=\"async\" class=\"alignleft size-thumbnail wp-image-11671\" src=\"http:\/\/www.ayuntamientodeharia.com\/haria\/wp-content\/uploads\/2018\/02\/Baile-en-el-CSC-La-Tegala-150x150.jpg\" alt=\"Baile en el CSC La Tegala\" width=\"150\" height=\"150\" \/><\/a> <a href=\"http:\/\/www.ayuntamientodeharia.com\/haria\/wp-content\/uploads\/2018\/02\/Comparsa-Los-Cumbacheros-.jpg\"><img decoding=\"async\" class=\"alignleft size-thumbnail wp-image-11672\" src=\"http:\/\/www.ayuntamientodeharia.com\/haria\/wp-content\/uploads\/2018\/02\/Comparsa-Los-Cumbacheros--150x150.jpg\" alt=\"Comparsa Los Cumbacheros\" width=\"150\" height=\"150\" \/><\/a> <a href=\"http:\/\/www.ayuntamientodeharia.com\/haria\/wp-content\/uploads\/2018\/02\/Escuela-de-Baile-El-Norte-Dance.jpg\"><img loading=\"lazy\" decoding=\"async\" class=\"alignleft size-thumbnail wp-image-11673\" src=\"http:\/\/www.ayuntamientodeharia.com\/haria\/wp-content\/uploads\/2018\/02\/Escuela-de-Baile-El-Norte-Dance-150x150.jpg\" alt=\"Escuela de Baile El Norte Dance\" width=\"150\" height=\"150\" \/><\/a> <a href=\"http:\/\/www.ayuntamientodeharia.com\/haria\/wp-content\/uploads\/2018\/02\/Fiesta-de-mayores-de-Carnaval.jpg\"><img loading=\"lazy\" decoding=\"async\" class=\"alignleft size-thumbnail wp-image-11674\" src=\"http:\/\/www.ayuntamientodeharia.com\/haria\/wp-content\/uploads\/2018\/02\/Fiesta-de-mayores-de-Carnaval-150x150.jpg\" alt=\"Fiesta de mayores de Carnaval\" width=\"150\" height=\"150\" \/><\/a> <a href=\"http:\/\/www.ayuntamientodeharia.com\/haria\/wp-content\/uploads\/2018\/02\/P\u00fablico-asistente-al-preg\u00f3n-y-la-gala-inaugural.jpg\"><img loading=\"lazy\" decoding=\"async\" class=\"alignleft size-thumbnail wp-image-11675\" src=\"http:\/\/www.ayuntamientodeharia.com\/haria\/wp-content\/uploads\/2018\/02\/P\u00fablico-asistente-al-preg\u00f3n-y-la-gala-inaugural-150x150.jpg\" alt=\"P\u00fablico asistente al preg\u00f3n y la gala inaugural\" width=\"150\" height=\"150\" \/><\/a><\/p>\n","protected":false},"excerpt":{"rendered":"<p>Este jueves, 22 de febrero, dio comienzo el programa organizado por el \u00e1rea de Festejos del Ayuntamiento con motivo de la celebraci\u00f3n del Carnaval Medieval de Har\u00eda, con la ya tradicional fiesta para las personas mayores del municipio en el Centro Sociocultural La Tegala.<\/p>\n","protected":false},"author":7,"featured_media":11669,"comment_status":"closed","ping_status":"closed","sticky":false,"template":"","format":"standard","meta":{"footnotes":""},"categories":[15,11],"tags":[],"class_list":["post-11668","post","type-post","status-publish","format-standard","has-post-thumbnail","hentry","category-festejos","category-hoja-de-haria"],"_links":{"self":[{"href":"https:\/\/www.ayuntamientodeharia.com\/haria\/wp-json\/wp\/v2\/posts\/11668","targetHints":{"allow":["GET"]}}],"collection":[{"href":"https:\/\/www.ayuntamientodeharia.com\/haria\/wp-json\/wp\/v2\/posts"}],"about":[{"href":"https:\/\/www.ayuntamientodeharia.com\/haria\/wp-json\/wp\/v2\/types\/post"}],"author":[{"embeddable":true,"href":"https:\/\/www.ayuntamientodeharia.com\/haria\/wp-json\/wp\/v2\/users\/7"}],"replies":[{"embeddable":true,"href":"https:\/\/www.ayuntamientodeharia.com\/haria\/wp-json\/wp\/v2\/comments?post=11668"}],"version-history":[{"count":1,"href":"https:\/\/www.ayuntamientodeharia.com\/haria\/wp-json\/wp\/v2\/posts\/11668\/revisions"}],"predecessor-version":[{"id":11676,"href":"https:\/\/www.ayuntamientodeharia.com\/haria\/wp-json\/wp\/v2\/posts\/11668\/revisions\/11676"}],"wp:featuredmedia":[{"embeddable":true,"href":"https:\/\/www.ayuntamientodeharia.com\/haria\/wp-json\/wp\/v2\/media\/11669"}],"wp:attachment":[{"href":"https:\/\/www.ayuntamientodeharia.com\/haria\/wp-json\/wp\/v2\/media?parent=11668"}],"wp:term":[{"taxonomy":"category","embeddable":true,"href":"https:\/\/www.ayuntamientodeharia.com\/haria\/wp-json\/wp\/v2\/categories?post=11668"},{"taxonomy":"post_tag","embeddable":true,"href":"https:\/\/www.ayuntamientodeharia.com\/haria\/wp-json\/wp\/v2\/tags?post=11668"}],"curies":[{"name":"wp","href":"https:\/\/api.w.org\/{rel}","templated":true}]}}