{"id":11665,"date":"2018-02-23T09:38:47","date_gmt":"2018-02-23T09:38:47","guid":{"rendered":"http:\/\/www.ayuntamientodeharia.com\/haria\/?p=11665"},"modified":"2018-02-23T09:38:47","modified_gmt":"2018-02-23T09:38:47","slug":"plan-especial-de-seguridad-para-facilitar-el-acceso-y-estacionamiento-de-vehiculos-en-carnaval","status":"publish","type":"post","link":"https:\/\/www.ayuntamientodeharia.com\/haria\/plan-especial-de-seguridad-para-facilitar-el-acceso-y-estacionamiento-de-vehiculos-en-carnaval\/","title":{"rendered":"Plan especial de seguridad para facilitar el acceso y estacionamiento de veh\u00edculos en Carnaval"},"content":{"rendered":"<p>El Ayuntamiento de Har\u00eda, a trav\u00e9s de la Concejal\u00eda de Seguridad y Emergencia, coordinada por Soraya Brito Navarro, pondr\u00e1 en marcha un dispositivo especial para la regulaci\u00f3n y ordenaci\u00f3n del tr\u00e1fico durante la celebraci\u00f3n de las Fiestas de Carnaval.<\/p>\n<p><!--more--><\/p>\n<p>&nbsp;<\/p>\n<p>El s\u00e1bado 24 de febrero, a partir de las 17:00 horas, se prohibir\u00e1 estacionar y se cerrar\u00e1n al tr\u00e1fico las calles por donde discurrir\u00e1 el Coso (Intersecci\u00f3n Cuesta del Pozo-San Juan, Faja, Sol, Molino, Cruz de Ferrer, La Cruz, Longuera, Fajardo, Encarnaci\u00f3n Rodr\u00edguez Lasso, De Cilla, Las Eras y El Palmeral), permiti\u00e9ndose solo el paso, hasta las 18:00 horas, de las guaguas que trasladen a los grupos.<\/p>\n<p>&nbsp;<\/p>\n<p>Las personas que acudan con sus veh\u00edculos a disfrutar del Coso podr\u00e1n utilizar las zonas de aparcamiento habilitadas en diferentes enclaves del pueblo de Har\u00eda. Los veh\u00edculos que accedan al pueblo de Har\u00eda por la LZ-10 (Los Valles-Har\u00eda) o por la LZ-207 (Tabayesco-Har\u00eda) podr\u00e1n utilizar los aparcamientos habilitados en las inmediaciones del Campo de F\u00fatbol o de la calle La Ca\u00f1ada, mientras que los veh\u00edculos que accedan por la LZ-201 (Arrieta-Har\u00eda) deber\u00e1n dirigirse al pueblo de M\u00e1guez para acceder al pueblo de Har\u00eda y estacionar en las zonas habilitadas en las calles Cruz de Ferrer, La Ca\u00f1ada o zonas aleda\u00f1a al Campo de F\u00fatbol.<\/p>\n<p>&nbsp;<\/p>\n<p>Se ha habilitado adem\u00e1s una zona especial para los veh\u00edculos de personas con alg\u00fan tipo de discapacidad en la calle Longuera.<\/p>\n<p>&nbsp;<\/p>\n<p>La parada del servicio regular de guaguas se trasladar\u00e1 el s\u00e1bado 24, a partir de las 16:00 horas, al aparcamiento del Restaurante Los Cascajos, mientras que la parada del servicio especial de guaguas, habilitado para la madrugada del domingo 25, a las 04:15 horas, estar\u00e1 ubicada en la trasera de la Iglesia. La parada de taxis estar\u00e1 ubicada en la calle La Hoya.<\/p>\n<p>&nbsp;<\/p>\n<p>La calle De Cilla hasta la intersecci\u00f3n con la calle Encarnaci\u00f3n Rodr\u00edguez Lasso se cerrar\u00e1 al tr\u00e1fico durante las celebraci\u00f3n de los actos de Carnaval en la plaza de Har\u00eda.<\/p>\n<p>&nbsp;<\/p>\n<p>Desde el Ayuntamiento se solicita la colaboraci\u00f3n de los vecinos del pueblo de Har\u00eda, as\u00ed como la de los visitantes que se acerquen al pueblo a disfrutar de los actos de Carnaval, para que respeten las se\u00f1ales de tr\u00e1fico y sigan las indicaciones de los agentes. Se podr\u00e1 descargar el plano con las indicaciones correspondientes en la web municipal <a href=\"http:\/\/www.ayuntamientodeharia.com\">www.ayuntamientodeharia.com<\/a>.<\/p>\n<p>&nbsp;<\/p>\n<p><strong>Servicio especial de guagua<\/strong><\/p>\n<p>&nbsp;<\/p>\n<p>Igualmente, con motivo de la celebraci\u00f3n del Coso y de la posterior verbena de Carnaval, que tendr\u00e1 lugar el s\u00e1bado 24 de febrero, la Concejal\u00eda de Festejos ha reforzado la l\u00ednea de transporte p\u00fablico para acudir al norte de la Isla y se habilitar\u00e1 un servicio especial de guagua, que saldr\u00e1 a las 4:15 horas de la madrugada del domingo, desde la trasera de la Iglesia de Har\u00eda.<\/p>\n","protected":false},"excerpt":{"rendered":"<p>El Ayuntamiento de Har\u00eda, a trav\u00e9s de la Concejal\u00eda de Seguridad y Emergencia, coordinada por Soraya Brito Navarro, pondr\u00e1 en marcha un dispositivo especial para la regulaci\u00f3n y ordenaci\u00f3n del tr\u00e1fico durante la celebraci\u00f3n de las Fiestas de Carnaval.<\/p>\n","protected":false},"author":7,"featured_media":11666,"comment_status":"closed","ping_status":"closed","sticky":false,"template":"","format":"standard","meta":{"footnotes":""},"categories":[15,11,84],"tags":[],"class_list":["post-11665","post","type-post","status-publish","format-standard","has-post-thumbnail","hentry","category-festejos","category-hoja-de-haria","category-seguridad-y-emergencias"],"_links":{"self":[{"href":"https:\/\/www.ayuntamientodeharia.com\/haria\/wp-json\/wp\/v2\/posts\/11665","targetHints":{"allow":["GET"]}}],"collection":[{"href":"https:\/\/www.ayuntamientodeharia.com\/haria\/wp-json\/wp\/v2\/posts"}],"about":[{"href":"https:\/\/www.ayuntamientodeharia.com\/haria\/wp-json\/wp\/v2\/types\/post"}],"author":[{"embeddable":true,"href":"https:\/\/www.ayuntamientodeharia.com\/haria\/wp-json\/wp\/v2\/users\/7"}],"replies":[{"embeddable":true,"href":"https:\/\/www.ayuntamientodeharia.com\/haria\/wp-json\/wp\/v2\/comments?post=11665"}],"version-history":[{"count":1,"href":"https:\/\/www.ayuntamientodeharia.com\/haria\/wp-json\/wp\/v2\/posts\/11665\/revisions"}],"predecessor-version":[{"id":11667,"href":"https:\/\/www.ayuntamientodeharia.com\/haria\/wp-json\/wp\/v2\/posts\/11665\/revisions\/11667"}],"wp:featuredmedia":[{"embeddable":true,"href":"https:\/\/www.ayuntamientodeharia.com\/haria\/wp-json\/wp\/v2\/media\/11666"}],"wp:attachment":[{"href":"https:\/\/www.ayuntamientodeharia.com\/haria\/wp-json\/wp\/v2\/media?parent=11665"}],"wp:term":[{"taxonomy":"category","embeddable":true,"href":"https:\/\/www.ayuntamientodeharia.com\/haria\/wp-json\/wp\/v2\/categories?post=11665"},{"taxonomy":"post_tag","embeddable":true,"href":"https:\/\/www.ayuntamientodeharia.com\/haria\/wp-json\/wp\/v2\/tags?post=11665"}],"curies":[{"name":"wp","href":"https:\/\/api.w.org\/{rel}","templated":true}]}}