{"id":11659,"date":"2018-02-16T18:24:15","date_gmt":"2018-02-16T18:24:15","guid":{"rendered":"http:\/\/www.ayuntamientodeharia.com\/haria\/?p=11659"},"modified":"2018-02-16T18:24:15","modified_gmt":"2018-02-16T18:24:15","slug":"el-municipio-norteno-presente-en-el-carnaval-de-arrecife","status":"publish","type":"post","link":"https:\/\/www.ayuntamientodeharia.com\/haria\/el-municipio-norteno-presente-en-el-carnaval-de-arrecife\/","title":{"rendered":"El municipio norte\u00f1o, presente en el Carnaval de Arrecife"},"content":{"rendered":"<p>La asociaci\u00f3n de carroceros Los M\u00e1s o Menos, del municipio de Har\u00eda, y que cuenta con alrededor de 60 componentes, se hizo con el primer premio del Gran Desfile de Carrozas del Carnaval de Arrecife de este a\u00f1o con la alegor\u00eda \u2018Coco\u2019.<\/p>\n<p><!--more--><\/p>\n<p>&nbsp;<\/p>\n<p>Igualmente, un nutrido grupo de vecinos particip\u00f3 en el tradicional coso arrecife\u00f1o con la carroza municipal, representando al Carnaval Medieval de Har\u00eda.<\/p>\n<p>&nbsp;<\/p>\n<p>Desde el Consistorio norte\u00f1o se felicita a los premiados y se destaca la implicaci\u00f3n y colaboraci\u00f3n de todos los grupos y colectivos carnavaleros.<\/p>\n<p><a href=\"http:\/\/www.ayuntamientodeharia.com\/haria\/wp-content\/uploads\/2018\/02\/Carroza-Coco.jpg\"><img decoding=\"async\" class=\"alignleft size-thumbnail wp-image-11661\" src=\"http:\/\/www.ayuntamientodeharia.com\/haria\/wp-content\/uploads\/2018\/02\/Carroza-Coco-150x150.jpg\" alt=\"Carroza Coco\" width=\"150\" height=\"150\" \/><\/a> <a href=\"http:\/\/www.ayuntamientodeharia.com\/haria\/wp-content\/uploads\/2018\/02\/Carroza-Medieval.jpg\"><img decoding=\"async\" class=\"alignleft size-thumbnail wp-image-11662\" src=\"http:\/\/www.ayuntamientodeharia.com\/haria\/wp-content\/uploads\/2018\/02\/Carroza-Medieval-150x150.jpg\" alt=\"Carroza Medieval\" width=\"150\" height=\"150\" \/><\/a><\/p>\n","protected":false},"excerpt":{"rendered":"<p>La asociaci\u00f3n de carroceros Los M\u00e1s o Menos, del municipio de Har\u00eda, y que cuenta con alrededor de 60 componentes, se hizo con el primer premio del Gran Desfile de Carrozas del Carnaval de Arrecife de este a\u00f1o con la alegor\u00eda \u2018Coco\u2019.<\/p>\n","protected":false},"author":7,"featured_media":11660,"comment_status":"closed","ping_status":"closed","sticky":false,"template":"","format":"standard","meta":{"footnotes":""},"categories":[15,11],"tags":[],"class_list":["post-11659","post","type-post","status-publish","format-standard","has-post-thumbnail","hentry","category-festejos","category-hoja-de-haria"],"_links":{"self":[{"href":"https:\/\/www.ayuntamientodeharia.com\/haria\/wp-json\/wp\/v2\/posts\/11659","targetHints":{"allow":["GET"]}}],"collection":[{"href":"https:\/\/www.ayuntamientodeharia.com\/haria\/wp-json\/wp\/v2\/posts"}],"about":[{"href":"https:\/\/www.ayuntamientodeharia.com\/haria\/wp-json\/wp\/v2\/types\/post"}],"author":[{"embeddable":true,"href":"https:\/\/www.ayuntamientodeharia.com\/haria\/wp-json\/wp\/v2\/users\/7"}],"replies":[{"embeddable":true,"href":"https:\/\/www.ayuntamientodeharia.com\/haria\/wp-json\/wp\/v2\/comments?post=11659"}],"version-history":[{"count":1,"href":"https:\/\/www.ayuntamientodeharia.com\/haria\/wp-json\/wp\/v2\/posts\/11659\/revisions"}],"predecessor-version":[{"id":11663,"href":"https:\/\/www.ayuntamientodeharia.com\/haria\/wp-json\/wp\/v2\/posts\/11659\/revisions\/11663"}],"wp:featuredmedia":[{"embeddable":true,"href":"https:\/\/www.ayuntamientodeharia.com\/haria\/wp-json\/wp\/v2\/media\/11660"}],"wp:attachment":[{"href":"https:\/\/www.ayuntamientodeharia.com\/haria\/wp-json\/wp\/v2\/media?parent=11659"}],"wp:term":[{"taxonomy":"category","embeddable":true,"href":"https:\/\/www.ayuntamientodeharia.com\/haria\/wp-json\/wp\/v2\/categories?post=11659"},{"taxonomy":"post_tag","embeddable":true,"href":"https:\/\/www.ayuntamientodeharia.com\/haria\/wp-json\/wp\/v2\/tags?post=11659"}],"curies":[{"name":"wp","href":"https:\/\/api.w.org\/{rel}","templated":true}]}}