{"id":11657,"date":"2018-02-16T18:22:09","date_gmt":"2018-02-16T18:22:09","guid":{"rendered":"http:\/\/www.ayuntamientodeharia.com\/haria\/?p=11657"},"modified":"2018-02-16T18:22:09","modified_gmt":"2018-02-16T18:22:09","slug":"la-asociacion-de-la-tercera-edad-palmeral-del-norte-pone-al-cobro-la-cuota-de-2018","status":"publish","type":"post","link":"https:\/\/www.ayuntamientodeharia.com\/haria\/la-asociacion-de-la-tercera-edad-palmeral-del-norte-pone-al-cobro-la-cuota-de-2018\/","title":{"rendered":"La asociaci\u00f3n de la tercera edad Palmeral del Norte pone al cobro la cuota de 2018"},"content":{"rendered":"<p>La presidenta de la asociaci\u00f3n de la tercera edad Palmeral del Norte, Mar\u00eda de los \u00c1ngeles Perdomo, comunica a los socios que se va a proceder al cobro de las cuotas correspondientes al a\u00f1o 2018.<\/p>\n<p><!--more--><\/p>\n<p>&nbsp;<\/p>\n<p>El personal de la asociaci\u00f3n estar\u00e1 el 22 de febrero, de 10:00 a 12:00 horas, en el Centro Sociocultural El Marinero de Punta Mujeres y el 1 de marzo, en el mismo horario, en el Centro Sociocultural La Tegala de Har\u00eda, para facilitar a los socios el abono de las cuotas.<\/p>\n<p>&nbsp;<\/p>\n<p>Desde la asociaci\u00f3n se recuerda a las personas mayores de 60 a\u00f1os del municipio que deseen hacerse socias, que deben acudir los d\u00edas se\u00f1alados a los lugares indicados y realizar los tr\u00e1mites correspondientes. Deben llevar dos fotos tama\u00f1os carnet y el n\u00famero del DNI.<\/p>\n","protected":false},"excerpt":{"rendered":"<p>La presidenta de la asociaci\u00f3n de la tercera edad Palmeral del Norte, Mar\u00eda de los \u00c1ngeles Perdomo, comunica a los socios que se va a proceder al cobro de las cuotas correspondientes al a\u00f1o 2018.<\/p>\n","protected":false},"author":7,"featured_media":0,"comment_status":"closed","ping_status":"closed","sticky":false,"template":"","format":"standard","meta":{"footnotes":""},"categories":[11,61],"tags":[],"class_list":["post-11657","post","type-post","status-publish","format-standard","hentry","category-hoja-de-haria","category-tercera-edad"],"_links":{"self":[{"href":"https:\/\/www.ayuntamientodeharia.com\/haria\/wp-json\/wp\/v2\/posts\/11657","targetHints":{"allow":["GET"]}}],"collection":[{"href":"https:\/\/www.ayuntamientodeharia.com\/haria\/wp-json\/wp\/v2\/posts"}],"about":[{"href":"https:\/\/www.ayuntamientodeharia.com\/haria\/wp-json\/wp\/v2\/types\/post"}],"author":[{"embeddable":true,"href":"https:\/\/www.ayuntamientodeharia.com\/haria\/wp-json\/wp\/v2\/users\/7"}],"replies":[{"embeddable":true,"href":"https:\/\/www.ayuntamientodeharia.com\/haria\/wp-json\/wp\/v2\/comments?post=11657"}],"version-history":[{"count":1,"href":"https:\/\/www.ayuntamientodeharia.com\/haria\/wp-json\/wp\/v2\/posts\/11657\/revisions"}],"predecessor-version":[{"id":11658,"href":"https:\/\/www.ayuntamientodeharia.com\/haria\/wp-json\/wp\/v2\/posts\/11657\/revisions\/11658"}],"wp:attachment":[{"href":"https:\/\/www.ayuntamientodeharia.com\/haria\/wp-json\/wp\/v2\/media?parent=11657"}],"wp:term":[{"taxonomy":"category","embeddable":true,"href":"https:\/\/www.ayuntamientodeharia.com\/haria\/wp-json\/wp\/v2\/categories?post=11657"},{"taxonomy":"post_tag","embeddable":true,"href":"https:\/\/www.ayuntamientodeharia.com\/haria\/wp-json\/wp\/v2\/tags?post=11657"}],"curies":[{"name":"wp","href":"https:\/\/api.w.org\/{rel}","templated":true}]}}