{"id":11644,"date":"2018-02-16T18:11:12","date_gmt":"2018-02-16T18:11:12","guid":{"rendered":"http:\/\/www.ayuntamientodeharia.com\/haria\/?p=11644"},"modified":"2018-02-16T18:11:12","modified_gmt":"2018-02-16T18:11:12","slug":"actividades-deportivas-del-fin-de-semana-11","status":"publish","type":"post","link":"https:\/\/www.ayuntamientodeharia.com\/haria\/actividades-deportivas-del-fin-de-semana-11\/","title":{"rendered":"Actividades deportivas del fin de semana"},"content":{"rendered":"<p><strong><a href=\"http:\/\/www.ayuntamientodeharia.com\/haria\/wp-content\/uploads\/2017\/03\/Cancha-de-Mala.jpg\"><img decoding=\"async\" class=\"alignleft size-thumbnail wp-image-8207\" src=\"http:\/\/www.ayuntamientodeharia.com\/haria\/wp-content\/uploads\/2017\/03\/Cancha-de-Mala-150x150.jpg\" alt=\"Cancha de Mala\" width=\"150\" height=\"150\" \/><\/a>F\u00fatbol:<\/strong><\/p>\n<p>&nbsp;<\/p>\n<p><u>REGIONAL TERCERA DIVISI\u00d3N<\/u><\/p>\n<p><u>AU G\u00dcIMAR &#8211; HAR\u00cdA CF RINC\u00d3N DE AGANADA <\/u><\/p>\n<p>S\u00e1bado, 16 de febrero, a las 16:00h. en el campo municipal de G\u00fcimar, Tenerife.<\/p>\n<p><!--more--><\/p>\n<p>&nbsp;<\/p>\n<p><strong>Lucha canaria:<\/strong><\/p>\n<p>&nbsp;<\/p>\n<p><u>CATEGOR\u00cdA S\u00c9NIOR<\/u><\/p>\n<p><u>CL UNI\u00d3N SUR YAIZA &#8211; CL UNI\u00d3N NORTE <\/u><\/p>\n<p>Viernes, 23 de febrero, a las 21:00h. en el terrero de lucha \u201cFeluco Paz\u201d de San Bartolom\u00e9.<\/p>\n","protected":false},"excerpt":{"rendered":"<p>F\u00fatbol: &nbsp; REGIONAL TERCERA DIVISI\u00d3N AU G\u00dcIMAR &#8211; HAR\u00cdA CF RINC\u00d3N DE AGANADA S\u00e1bado, 16 de febrero, a las 16:00h. en el campo municipal de G\u00fcimar, Tenerife.<\/p>\n","protected":false},"author":7,"featured_media":0,"comment_status":"closed","ping_status":"closed","sticky":false,"template":"","format":"standard","meta":{"footnotes":""},"categories":[17,11],"tags":[],"class_list":["post-11644","post","type-post","status-publish","format-standard","hentry","category-deportes","category-hoja-de-haria"],"_links":{"self":[{"href":"https:\/\/www.ayuntamientodeharia.com\/haria\/wp-json\/wp\/v2\/posts\/11644","targetHints":{"allow":["GET"]}}],"collection":[{"href":"https:\/\/www.ayuntamientodeharia.com\/haria\/wp-json\/wp\/v2\/posts"}],"about":[{"href":"https:\/\/www.ayuntamientodeharia.com\/haria\/wp-json\/wp\/v2\/types\/post"}],"author":[{"embeddable":true,"href":"https:\/\/www.ayuntamientodeharia.com\/haria\/wp-json\/wp\/v2\/users\/7"}],"replies":[{"embeddable":true,"href":"https:\/\/www.ayuntamientodeharia.com\/haria\/wp-json\/wp\/v2\/comments?post=11644"}],"version-history":[{"count":1,"href":"https:\/\/www.ayuntamientodeharia.com\/haria\/wp-json\/wp\/v2\/posts\/11644\/revisions"}],"predecessor-version":[{"id":11645,"href":"https:\/\/www.ayuntamientodeharia.com\/haria\/wp-json\/wp\/v2\/posts\/11644\/revisions\/11645"}],"wp:attachment":[{"href":"https:\/\/www.ayuntamientodeharia.com\/haria\/wp-json\/wp\/v2\/media?parent=11644"}],"wp:term":[{"taxonomy":"category","embeddable":true,"href":"https:\/\/www.ayuntamientodeharia.com\/haria\/wp-json\/wp\/v2\/categories?post=11644"},{"taxonomy":"post_tag","embeddable":true,"href":"https:\/\/www.ayuntamientodeharia.com\/haria\/wp-json\/wp\/v2\/tags?post=11644"}],"curies":[{"name":"wp","href":"https:\/\/api.w.org\/{rel}","templated":true}]}}