{"id":11637,"date":"2018-02-16T12:23:26","date_gmt":"2018-02-16T12:23:26","guid":{"rendered":"http:\/\/www.ayuntamientodeharia.com\/haria\/?p=11637"},"modified":"2018-02-16T12:25:26","modified_gmt":"2018-02-16T12:25:26","slug":"carnaval-medieval-en-haria","status":"publish","type":"post","link":"https:\/\/www.ayuntamientodeharia.com\/haria\/carnaval-medieval-en-haria\/","title":{"rendered":"Carnaval Medieval en Har\u00eda"},"content":{"rendered":"<p><a href=\"http:\/\/www.ayuntamientodeharia.com\/haria\/wp-content\/uploads\/2018\/02\/CARTEL-CARNAVAL-HARIA-2018.jpg\"><img fetchpriority=\"high\" decoding=\"async\" class=\"aligncenter size-full wp-image-11636\" src=\"http:\/\/www.ayuntamientodeharia.com\/haria\/wp-content\/uploads\/2018\/02\/CARTEL-CARNAVAL-HARIA-2018.jpg\" alt=\"CARTEL CARNAVAL HARIA 2018\" width=\"600\" height=\"848\" srcset=\"https:\/\/www.ayuntamientodeharia.com\/haria\/wp-content\/uploads\/2018\/02\/CARTEL-CARNAVAL-HARIA-2018.jpg 600w, https:\/\/www.ayuntamientodeharia.com\/haria\/wp-content\/uploads\/2018\/02\/CARTEL-CARNAVAL-HARIA-2018-212x300.jpg 212w, https:\/\/www.ayuntamientodeharia.com\/haria\/wp-content\/uploads\/2018\/02\/CARTEL-CARNAVAL-HARIA-2018-79x112.jpg 79w\" sizes=\"(max-width: 600px) 100vw, 600px\" \/><\/a><\/p>\n<p><br clear=\"both\" \/><\/p>\n<p>&nbsp;<\/p>\n<p><a href=\"http:\/\/www.ayuntamientodeharia.com\/haria\/?wpfb_dl=1429\" target=\"_blank\">Descargar programa en PDF<\/a><\/p>\n<p>&nbsp;<\/p>\n<p><strong>Jueves, 22 de febrero<\/strong><\/p>\n<p>17:00h.\u2013Fiesta del Carnaval para las personas mayores del municipio en el Centro Sociocultural La Tegala de Har\u00eda.<\/p>\n<p>21:00h.\u2013Preg\u00f3n a cargo de don Gustavo Navarro y Gala Inaugural del Carnaval Medieval en Har\u00eda con la actuaci\u00f3n de Escuela de Circo Aerial, Drag Eros, Comparsa Los Cumbacheros y Escuela de Bailes Latinos el Norte Dance.<\/p>\n<p>&nbsp;<\/p>\n<p><strong>Viernes, 23 de febrero<\/strong><\/p>\n<p>10:00h.\u2013Pasacalle de la Inclusi\u00f3n con la participaci\u00f3n de los alumnos del CEIP San Juan, IES de Har\u00eda y Aulas Enclave de la isla.<\/p>\n<p>21:00h.\u2013III Encuentro de Murgas Nocturno con Tablet\u00faos, Titi Roys, Vacilonas y Desahuciados y con la actuaci\u00f3n de la Batucada Villa Pipol.<\/p>\n<p>23:00h.\u2013Verbena de Carnaval con Furia Joven y Naiyimbe.<\/p>\n<p>&nbsp;<\/p>\n<p><strong>S\u00e1bado, 24 de febrero<\/strong><\/p>\n<p>12:00h.\u2013Pasaplaza con Drag Queens, la batucada Princesa Atenya y comparsa.<\/p>\n<p>19:00h. \u2013Coso del Carnaval Medieval con desfile de carrozas, murgas, comparsas, batucadas y un gran n\u00famero de mascaritas, con salida desde los aparcamientos del cementerio, para finalizar en la Plaza de Har\u00eda.<\/p>\n<p>21:30h.\u2013Verbena de Carnaval con la orquesta Furia Joven de Gran Canaria y C\u00f3digo 0 de Fuerteventura.<\/p>\n<p>&nbsp;<\/p>\n<p><strong>Domingo, 25 de febrero<\/strong><\/p>\n<p>13:00h.\u2013Carnaval de la Tapa.<\/p>\n<p>13:30h.\u2013Concierto con Kardomillo y Si es tarde nos vamos.<\/p>\n<p>17:30h.\u2013Carnaval del Llanto con el entierro de la Sardina acompa\u00f1ado de la batucada Woman Batuca.<\/p>\n<p>18:30h.\u2013Carnaval de la Risa. Show humor\u00edstico con Jaime Marrero y Xay<\/p>\n","protected":false},"excerpt":{"rendered":"<p>&nbsp; Descargar programa en PDF &nbsp; Jueves, 22 de febrero 17:00h.\u2013Fiesta del Carnaval para las personas mayores del municipio en el Centro Sociocultural La Tegala de Har\u00eda. 21:00h.\u2013Preg\u00f3n a cargo de don Gustavo Navarro y Gala Inaugural del Carnaval Medieval en Har\u00eda con la actuaci\u00f3n de Escuela de Circo Aerial, Drag Eros, Comparsa Los Cumbacheros [&hellip;]<\/p>\n","protected":false},"author":2,"featured_media":0,"comment_status":"closed","ping_status":"closed","sticky":false,"template":"","format":"standard","meta":{"footnotes":""},"categories":[15],"tags":[],"class_list":["post-11637","post","type-post","status-publish","format-standard","hentry","category-festejos"],"_links":{"self":[{"href":"https:\/\/www.ayuntamientodeharia.com\/haria\/wp-json\/wp\/v2\/posts\/11637","targetHints":{"allow":["GET"]}}],"collection":[{"href":"https:\/\/www.ayuntamientodeharia.com\/haria\/wp-json\/wp\/v2\/posts"}],"about":[{"href":"https:\/\/www.ayuntamientodeharia.com\/haria\/wp-json\/wp\/v2\/types\/post"}],"author":[{"embeddable":true,"href":"https:\/\/www.ayuntamientodeharia.com\/haria\/wp-json\/wp\/v2\/users\/2"}],"replies":[{"embeddable":true,"href":"https:\/\/www.ayuntamientodeharia.com\/haria\/wp-json\/wp\/v2\/comments?post=11637"}],"version-history":[{"count":4,"href":"https:\/\/www.ayuntamientodeharia.com\/haria\/wp-json\/wp\/v2\/posts\/11637\/revisions"}],"predecessor-version":[{"id":11641,"href":"https:\/\/www.ayuntamientodeharia.com\/haria\/wp-json\/wp\/v2\/posts\/11637\/revisions\/11641"}],"wp:attachment":[{"href":"https:\/\/www.ayuntamientodeharia.com\/haria\/wp-json\/wp\/v2\/media?parent=11637"}],"wp:term":[{"taxonomy":"category","embeddable":true,"href":"https:\/\/www.ayuntamientodeharia.com\/haria\/wp-json\/wp\/v2\/categories?post=11637"},{"taxonomy":"post_tag","embeddable":true,"href":"https:\/\/www.ayuntamientodeharia.com\/haria\/wp-json\/wp\/v2\/tags?post=11637"}],"curies":[{"name":"wp","href":"https:\/\/api.w.org\/{rel}","templated":true}]}}