{"id":11435,"date":"2018-01-20T00:32:54","date_gmt":"2018-01-20T00:32:54","guid":{"rendered":"http:\/\/www.ayuntamientodeharia.com\/haria\/?p=11435"},"modified":"2018-01-20T00:32:54","modified_gmt":"2018-01-20T00:32:54","slug":"abierto-el-plazo-para-reservar-plaza-en-el-viaje-a-croacia-organizado-por-el-ayuntamiento","status":"publish","type":"post","link":"https:\/\/www.ayuntamientodeharia.com\/haria\/abierto-el-plazo-para-reservar-plaza-en-el-viaje-a-croacia-organizado-por-el-ayuntamiento\/","title":{"rendered":"Abierto el plazo para reservar plaza en el viaje a Croacia organizado por el Ayuntamiento"},"content":{"rendered":"<p style=\"margin: 0cm; margin-bottom: .0001pt; text-align: justify; background: white; vertical-align: baseline;\"><span style=\"font-family: 'Verdana','sans-serif';\"><a href=\"http:\/\/www.ayuntamientodeharia.com\/haria\/wp-content\/uploads\/2018\/01\/ZagrebPogled.jpg\"><img decoding=\"async\" class=\"alignleft size-thumbnail wp-image-11436\" src=\"http:\/\/www.ayuntamientodeharia.com\/haria\/wp-content\/uploads\/2018\/01\/ZagrebPogled-150x150.jpg\" alt=\"ZagrebPogled\" width=\"150\" height=\"150\" \/><\/a>El Consistorio norte\u00f1o, a trav\u00e9s de la Concejal\u00eda de Participaci\u00f3n Ciudadana, coordinada por Auxiliadora Fern\u00e1ndez, organiza un viaje a Croacia, del 13 al 22 de julio, dirigido a todos los vecinos del municipio.<\/span><\/p>\n<p style=\"margin: 0cm; margin-bottom: .0001pt; text-align: justify; background: white; vertical-align: baseline;\"><!--more--><\/p>\n<p style=\"margin: 0cm; margin-bottom: .0001pt; text-align: justify; background: white; vertical-align: baseline;\">\n<p style=\"margin: 0cm; margin-bottom: .0001pt; text-align: justify; background: white; vertical-align: baseline;\"><span style=\"font-family: 'Verdana','sans-serif';\">\u00a0<\/span><\/p>\n<p style=\"margin: 0cm; margin-bottom: .0001pt; text-align: justify; background: white; vertical-align: baseline;\"><span style=\"font-family: 'Verdana','sans-serif';\">Los asistentes al viaje visitar\u00e1n la maravillosa ciudad de Zagreb, la m\u00e1s grande del pa\u00eds y capital de la Rep\u00fablica de Croacia, Karlovac y el Parque Nacional de los Lagos de Plitvice, declarado Patrimonio de la Humanidad por la UNESCO en 1979, situado en el coraz\u00f3n de Croacia y con una extensi\u00f3n de unas 30.000 hect\u00e1reas.<\/span><\/p>\n<p style=\"margin: 0cm; margin-bottom: .0001pt; text-align: justify; background: white; vertical-align: baseline;\">\n<p style=\"margin: 0cm; margin-bottom: .0001pt; text-align: justify; background: white; vertical-align: baseline;\"><span style=\"font-family: 'Verdana','sans-serif';\">\u00a0<\/span><\/p>\n<p style=\"margin: 0cm; margin-bottom: .0001pt; text-align: justify; background: white; vertical-align: baseline;\"><span style=\"font-family: 'Verdana','sans-serif';\">Tambi\u00e9n conocer\u00e1n las ciudades de Zadar, Trogir y Split, incluida en la lista de Herencia Mundial de la UNESCO. Continuar\u00e1n el viaje en direcci\u00f3n al pa\u00eds vecino de Bosnia-Herzegovina para visitar las ciudades de Medjugorje y Mostar. De regreso a Croacia visitar\u00e1n Ston y Dubrovnik, la ciudad m\u00e1s bella denominada \u201cla Perla del Adri\u00e1tico\u201d.<\/span><\/p>\n<p style=\"margin: 0cm; margin-bottom: .0001pt; text-align: justify; background: white; vertical-align: baseline;\">\n<p style=\"margin: 0cm; margin-bottom: .0001pt; text-align: justify; background: white; vertical-align: baseline;\"><span style=\"font-family: 'Verdana','sans-serif';\">\u00a0<\/span><\/p>\n<p style=\"margin: 0cm; margin-bottom: .0001pt; text-align: justify; background: white; vertical-align: baseline;\"><span style=\"font-family: 'Verdana','sans-serif';\">Las personas interesadas en asistir al viaje deber\u00e1n formalizar la inscripci\u00f3n lo antes posible, ya que las plazas son limitadas y se ir\u00e1n cubriendo por orden de reserva. Para realizar las gestiones oportunas o recibir m\u00e1s informaci\u00f3n deber\u00e1n llamar al 928 835 633, de lunes a viernes.<\/span><\/p>\n","protected":false},"excerpt":{"rendered":"<p>El Consistorio norte\u00f1o, a trav\u00e9s de la Concejal\u00eda de Participaci\u00f3n Ciudadana, coordinada por Auxiliadora Fern\u00e1ndez, organiza un viaje a Croacia, del 13 al 22 de julio, dirigido a todos los vecinos del municipio.<\/p>\n","protected":false},"author":7,"featured_media":0,"comment_status":"closed","ping_status":"closed","sticky":false,"template":"","format":"standard","meta":{"footnotes":""},"categories":[11,111],"tags":[],"class_list":["post-11435","post","type-post","status-publish","format-standard","hentry","category-hoja-de-haria","category-participacion-ciudadana"],"_links":{"self":[{"href":"https:\/\/www.ayuntamientodeharia.com\/haria\/wp-json\/wp\/v2\/posts\/11435","targetHints":{"allow":["GET"]}}],"collection":[{"href":"https:\/\/www.ayuntamientodeharia.com\/haria\/wp-json\/wp\/v2\/posts"}],"about":[{"href":"https:\/\/www.ayuntamientodeharia.com\/haria\/wp-json\/wp\/v2\/types\/post"}],"author":[{"embeddable":true,"href":"https:\/\/www.ayuntamientodeharia.com\/haria\/wp-json\/wp\/v2\/users\/7"}],"replies":[{"embeddable":true,"href":"https:\/\/www.ayuntamientodeharia.com\/haria\/wp-json\/wp\/v2\/comments?post=11435"}],"version-history":[{"count":1,"href":"https:\/\/www.ayuntamientodeharia.com\/haria\/wp-json\/wp\/v2\/posts\/11435\/revisions"}],"predecessor-version":[{"id":11437,"href":"https:\/\/www.ayuntamientodeharia.com\/haria\/wp-json\/wp\/v2\/posts\/11435\/revisions\/11437"}],"wp:attachment":[{"href":"https:\/\/www.ayuntamientodeharia.com\/haria\/wp-json\/wp\/v2\/media?parent=11435"}],"wp:term":[{"taxonomy":"category","embeddable":true,"href":"https:\/\/www.ayuntamientodeharia.com\/haria\/wp-json\/wp\/v2\/categories?post=11435"},{"taxonomy":"post_tag","embeddable":true,"href":"https:\/\/www.ayuntamientodeharia.com\/haria\/wp-json\/wp\/v2\/tags?post=11435"}],"curies":[{"name":"wp","href":"https:\/\/api.w.org\/{rel}","templated":true}]}}