{"id":11432,"date":"2018-01-20T00:30:58","date_gmt":"2018-01-20T00:30:58","guid":{"rendered":"http:\/\/www.ayuntamientodeharia.com\/haria\/?p=11432"},"modified":"2018-01-20T00:30:58","modified_gmt":"2018-01-20T00:30:58","slug":"caminata-para-los-mayores-del-municipio-desde-conil-a-la-candelaria","status":"publish","type":"post","link":"https:\/\/www.ayuntamientodeharia.com\/haria\/caminata-para-los-mayores-del-municipio-desde-conil-a-la-candelaria\/","title":{"rendered":"Caminata para los mayores del municipio desde Conil a La Candelaria"},"content":{"rendered":"<p style=\"margin: 0cm; margin-bottom: .0001pt; text-align: justify; background: white; vertical-align: baseline;\"><span style=\"font-family: 'Verdana','sans-serif';\">El Servicio Insular de Deportes del Cabildo de Lanzarote, en colaboraci\u00f3n con las concejal\u00edas de Bienestar Social de los ayuntamientos de la Isla, organiza un paseo para los mayores de 60 a\u00f1os del municipio, el 5 de febrero, desde Conil a la Candelaria (T\u00edas).<\/span><\/p>\n<p style=\"margin: 0cm; margin-bottom: .0001pt; text-align: justify; background: white; vertical-align: baseline;\"><!--more--><\/p>\n<p style=\"margin: 0cm; margin-bottom: .0001pt; text-align: justify; background: white; vertical-align: baseline;\">\n<p style=\"margin: 0cm; margin-bottom: .0001pt; text-align: justify; background: white; vertical-align: baseline;\"><span style=\"font-family: 'Verdana','sans-serif';\">\u00a0<\/span><\/p>\n<p style=\"margin: 0cm; margin-bottom: .0001pt; text-align: justify; background: white; vertical-align: baseline;\"><span style=\"font-family: 'Verdana','sans-serif';\">La ruta programada presenta una dificultad baja-media por lo que est\u00e1 indicada para los mayores con buena movilidad. La salida est\u00e1 prevista para las 16:00 horas, desde el Teleclub de Conil.<\/span><\/p>\n<p style=\"margin: 0cm; margin-bottom: .0001pt; text-align: justify; background: white; vertical-align: baseline;\">\n<p style=\"margin: 0cm; margin-bottom: .0001pt; text-align: justify; background: white; vertical-align: baseline;\"><span style=\"font-family: 'Verdana','sans-serif';\">\u00a0<\/span><\/p>\n<p style=\"margin: 0cm; margin-bottom: .0001pt; text-align: justify; background: white; vertical-align: baseline;\"><span style=\"font-family: 'Verdana','sans-serif';\">Los mayores interesados en asistir a la caminata deber\u00e1n realizar la inscripci\u00f3n, antes del 31 de enero, en el Centro de la Tercera Edad de Har\u00eda. Las plazas son limitadas y se ir\u00e1n cubriendo por orden de inscripci\u00f3n. <\/span><\/p>\n","protected":false},"excerpt":{"rendered":"<p>El Servicio Insular de Deportes del Cabildo de Lanzarote, en colaboraci\u00f3n con las concejal\u00edas de Bienestar Social de los ayuntamientos de la Isla, organiza un paseo para los mayores de 60 a\u00f1os del municipio, el 5 de febrero, desde Conil a la Candelaria (T\u00edas).<\/p>\n","protected":false},"author":7,"featured_media":11433,"comment_status":"closed","ping_status":"closed","sticky":false,"template":"","format":"standard","meta":{"footnotes":""},"categories":[187,11],"tags":[],"class_list":["post-11432","post","type-post","status-publish","format-standard","has-post-thumbnail","hentry","category-bienestar-social","category-hoja-de-haria"],"_links":{"self":[{"href":"https:\/\/www.ayuntamientodeharia.com\/haria\/wp-json\/wp\/v2\/posts\/11432","targetHints":{"allow":["GET"]}}],"collection":[{"href":"https:\/\/www.ayuntamientodeharia.com\/haria\/wp-json\/wp\/v2\/posts"}],"about":[{"href":"https:\/\/www.ayuntamientodeharia.com\/haria\/wp-json\/wp\/v2\/types\/post"}],"author":[{"embeddable":true,"href":"https:\/\/www.ayuntamientodeharia.com\/haria\/wp-json\/wp\/v2\/users\/7"}],"replies":[{"embeddable":true,"href":"https:\/\/www.ayuntamientodeharia.com\/haria\/wp-json\/wp\/v2\/comments?post=11432"}],"version-history":[{"count":1,"href":"https:\/\/www.ayuntamientodeharia.com\/haria\/wp-json\/wp\/v2\/posts\/11432\/revisions"}],"predecessor-version":[{"id":11434,"href":"https:\/\/www.ayuntamientodeharia.com\/haria\/wp-json\/wp\/v2\/posts\/11432\/revisions\/11434"}],"wp:featuredmedia":[{"embeddable":true,"href":"https:\/\/www.ayuntamientodeharia.com\/haria\/wp-json\/wp\/v2\/media\/11433"}],"wp:attachment":[{"href":"https:\/\/www.ayuntamientodeharia.com\/haria\/wp-json\/wp\/v2\/media?parent=11432"}],"wp:term":[{"taxonomy":"category","embeddable":true,"href":"https:\/\/www.ayuntamientodeharia.com\/haria\/wp-json\/wp\/v2\/categories?post=11432"},{"taxonomy":"post_tag","embeddable":true,"href":"https:\/\/www.ayuntamientodeharia.com\/haria\/wp-json\/wp\/v2\/tags?post=11432"}],"curies":[{"name":"wp","href":"https:\/\/api.w.org\/{rel}","templated":true}]}}