{"id":11423,"date":"2018-01-20T00:25:39","date_gmt":"2018-01-20T00:25:39","guid":{"rendered":"http:\/\/www.ayuntamientodeharia.com\/haria\/?p=11423"},"modified":"2018-01-25T18:54:23","modified_gmt":"2018-01-25T18:54:23","slug":"vii-carrera-popular-de-tabayesco-3","status":"publish","type":"post","link":"https:\/\/www.ayuntamientodeharia.com\/haria\/vii-carrera-popular-de-tabayesco-3\/","title":{"rendered":"En la marcha la \u2018VII Carrera Popular de Tabayesco\u2019"},"content":{"rendered":"<p>Los amantes del deporte tienen la posibilidad de participar en la \u2018VIII Carrera Popular de Tabayesco\u2019, que tendr\u00e1 lugar este domingo, 28 de enero, a las 10:00 horas, coincidiendo con la celebraci\u00f3n de las Fiestas de Nuestra Se\u00f1ora de La Candelaria.<\/p>\n<p><!--more--><\/p>\n<p>&nbsp;<\/p>\n<p>Al igual que en ediciones anteriores, los participantes podr\u00e1n inscribirse en las categor\u00eda de adultos (mayores de 14 a\u00f1os) y ni\u00f1os a trav\u00e9s del correo electr\u00f3nico <a href=\"mailto:deportes@ayuntamientodeharia.com\">deportes@ayuntamientodeharia.com<\/a>, llamando al 928 835 009 (ext.7) o una hora antes de la celebraci\u00f3n de la prueba en el Teleclub de Tabayesco.<\/p>\n<p>&nbsp;<\/p>\n<p>Los inscritos en la carrera de adultos iniciar\u00e1n la prueba a las 10:00 horas desde la l\u00ednea de meta situada en las proximidades del Teleclub. El recorrido, de 10,5 kil\u00f3metros, se realizar\u00e1 en ascenso por la LZ-207 hasta el Chafariz para bajar a continuaci\u00f3n por la pista de tierra hasta completar el recorrido.<\/p>\n<p>&nbsp;<\/p>\n<p>La carrera de los ni\u00f1os tendr\u00e1 lugar una vez finalizada la competici\u00f3n de adultos. El recorrido, de 1 kil\u00f3metro, se desarrollar\u00e1 en asfalto por la LZ-207.<\/p>\n<p>&nbsp;<\/p>\n<p>Una vez entregada las medallas, los asistentes y participantes en la carrera podr\u00e1n disfrutar con la actuaci\u00f3n del grupo Si es tarde nos vamos.<\/p>\n<p>&nbsp;<\/p>\n<p>Para que la prueba se desarrolle con las medidas de seguridad adecuadas, desde las 09:45 a las 13:00 horas permanecer\u00e1n cerradas al tr\u00e1fico las v\u00edas:<\/p>\n<p>&nbsp;<\/p>\n<ul>\n<li>Desde el cruce de Temisa (Har\u00eda) hasta Tabayesco. Solo se permitir\u00e1 el acceso a los residentes desde el cruce de Temisa al Chafariz.<\/li>\n<li>Desde el cruce de Tabayesco hasta la entrada del pueblo, excepto residentes.<\/li>\n<li>Desde el camino de tierra de Topo Tegazo hasta Tabayesco.<\/li>\n<li>Camino de tierra que va desde Tabayesco a Mala (2km).<\/li>\n<\/ul>\n","protected":false},"excerpt":{"rendered":"<p>Los amantes del deporte tienen la posibilidad de participar en la \u2018VIII Carrera Popular de Tabayesco\u2019, que tendr\u00e1 lugar este domingo, 28 de enero, a las 10:00 horas, coincidiendo con la celebraci\u00f3n de las Fiestas de Nuestra Se\u00f1ora de La Candelaria.<\/p>\n","protected":false},"author":7,"featured_media":11456,"comment_status":"closed","ping_status":"closed","sticky":false,"template":"","format":"standard","meta":{"footnotes":""},"categories":[17,11],"tags":[],"class_list":["post-11423","post","type-post","status-publish","format-standard","has-post-thumbnail","hentry","category-deportes","category-hoja-de-haria"],"_links":{"self":[{"href":"https:\/\/www.ayuntamientodeharia.com\/haria\/wp-json\/wp\/v2\/posts\/11423","targetHints":{"allow":["GET"]}}],"collection":[{"href":"https:\/\/www.ayuntamientodeharia.com\/haria\/wp-json\/wp\/v2\/posts"}],"about":[{"href":"https:\/\/www.ayuntamientodeharia.com\/haria\/wp-json\/wp\/v2\/types\/post"}],"author":[{"embeddable":true,"href":"https:\/\/www.ayuntamientodeharia.com\/haria\/wp-json\/wp\/v2\/users\/7"}],"replies":[{"embeddable":true,"href":"https:\/\/www.ayuntamientodeharia.com\/haria\/wp-json\/wp\/v2\/comments?post=11423"}],"version-history":[{"count":2,"href":"https:\/\/www.ayuntamientodeharia.com\/haria\/wp-json\/wp\/v2\/posts\/11423\/revisions"}],"predecessor-version":[{"id":11452,"href":"https:\/\/www.ayuntamientodeharia.com\/haria\/wp-json\/wp\/v2\/posts\/11423\/revisions\/11452"}],"wp:featuredmedia":[{"embeddable":true,"href":"https:\/\/www.ayuntamientodeharia.com\/haria\/wp-json\/wp\/v2\/media\/11456"}],"wp:attachment":[{"href":"https:\/\/www.ayuntamientodeharia.com\/haria\/wp-json\/wp\/v2\/media?parent=11423"}],"wp:term":[{"taxonomy":"category","embeddable":true,"href":"https:\/\/www.ayuntamientodeharia.com\/haria\/wp-json\/wp\/v2\/categories?post=11423"},{"taxonomy":"post_tag","embeddable":true,"href":"https:\/\/www.ayuntamientodeharia.com\/haria\/wp-json\/wp\/v2\/tags?post=11423"}],"curies":[{"name":"wp","href":"https:\/\/api.w.org\/{rel}","templated":true}]}}