{"id":11421,"date":"2018-01-20T00:24:06","date_gmt":"2018-01-20T00:24:06","guid":{"rendered":"http:\/\/www.ayuntamientodeharia.com\/haria\/?p=11421"},"modified":"2018-01-20T00:24:06","modified_gmt":"2018-01-20T00:24:06","slug":"donacion-de-libros-a-la-biblioteca-municipal-3","status":"publish","type":"post","link":"https:\/\/www.ayuntamientodeharia.com\/haria\/donacion-de-libros-a-la-biblioteca-municipal-3\/","title":{"rendered":"Donaci\u00f3n de libros a la Biblioteca Municipal"},"content":{"rendered":"<p><a href=\"http:\/\/www.ayuntamientodeharia.com\/haria\/wp-content\/uploads\/2017\/07\/libros.jpg\"><img decoding=\"async\" class=\"alignleft size-thumbnail wp-image-9943\" src=\"http:\/\/www.ayuntamientodeharia.com\/haria\/wp-content\/uploads\/2017\/07\/libros-150x150.jpg\" alt=\"libros\" width=\"150\" height=\"150\" \/><\/a>Desde la Concejal\u00eda de Cultura, coordinada por Jos\u00e9 P\u00e9rez Dorta, se quiere agradecer la donaci\u00f3n de libros infantiles realizados por Hiba Rodr\u00edguez Gonz\u00e1lez a la Biblioteca Municipal de Har\u00eda.<\/p>\n<p><!--more--><\/p>\n<p>&nbsp;<\/p>\n<p>Los libros donados pasar\u00e1n a los fondos de la biblioteca para que puedan ser consultados por los usuarios de la misma.<\/p>\n","protected":false},"excerpt":{"rendered":"<p>Desde la Concejal\u00eda de Cultura, coordinada por Jos\u00e9 P\u00e9rez Dorta, se quiere agradecer la donaci\u00f3n de libros infantiles realizados por Hiba Rodr\u00edguez Gonz\u00e1lez a la Biblioteca Municipal de Har\u00eda.<\/p>\n","protected":false},"author":7,"featured_media":0,"comment_status":"closed","ping_status":"closed","sticky":false,"template":"","format":"standard","meta":{"footnotes":""},"categories":[16,11],"tags":[],"class_list":["post-11421","post","type-post","status-publish","format-standard","hentry","category-cultura","category-hoja-de-haria"],"_links":{"self":[{"href":"https:\/\/www.ayuntamientodeharia.com\/haria\/wp-json\/wp\/v2\/posts\/11421","targetHints":{"allow":["GET"]}}],"collection":[{"href":"https:\/\/www.ayuntamientodeharia.com\/haria\/wp-json\/wp\/v2\/posts"}],"about":[{"href":"https:\/\/www.ayuntamientodeharia.com\/haria\/wp-json\/wp\/v2\/types\/post"}],"author":[{"embeddable":true,"href":"https:\/\/www.ayuntamientodeharia.com\/haria\/wp-json\/wp\/v2\/users\/7"}],"replies":[{"embeddable":true,"href":"https:\/\/www.ayuntamientodeharia.com\/haria\/wp-json\/wp\/v2\/comments?post=11421"}],"version-history":[{"count":1,"href":"https:\/\/www.ayuntamientodeharia.com\/haria\/wp-json\/wp\/v2\/posts\/11421\/revisions"}],"predecessor-version":[{"id":11422,"href":"https:\/\/www.ayuntamientodeharia.com\/haria\/wp-json\/wp\/v2\/posts\/11421\/revisions\/11422"}],"wp:attachment":[{"href":"https:\/\/www.ayuntamientodeharia.com\/haria\/wp-json\/wp\/v2\/media?parent=11421"}],"wp:term":[{"taxonomy":"category","embeddable":true,"href":"https:\/\/www.ayuntamientodeharia.com\/haria\/wp-json\/wp\/v2\/categories?post=11421"},{"taxonomy":"post_tag","embeddable":true,"href":"https:\/\/www.ayuntamientodeharia.com\/haria\/wp-json\/wp\/v2\/tags?post=11421"}],"curies":[{"name":"wp","href":"https:\/\/api.w.org\/{rel}","templated":true}]}}