{"id":11417,"date":"2018-01-20T00:18:16","date_gmt":"2018-01-20T00:18:16","guid":{"rendered":"http:\/\/www.ayuntamientodeharia.com\/haria\/?p=11417"},"modified":"2018-01-20T00:18:16","modified_gmt":"2018-01-20T00:18:16","slug":"protagonismo-del-municipio-en-la-ii-gala-del-deporte","status":"publish","type":"post","link":"https:\/\/www.ayuntamientodeharia.com\/haria\/protagonismo-del-municipio-en-la-ii-gala-del-deporte\/","title":{"rendered":"Protagonismo del municipio en la \u2018II Gala del Deporte\u2019"},"content":{"rendered":"<p><a href=\"http:\/\/www.ayuntamientodeharia.com\/haria\/wp-content\/uploads\/2017\/11\/Har\u00eda-Extreme17-3.jpg\"><img decoding=\"async\" class=\"alignleft size-thumbnail wp-image-10921\" src=\"http:\/\/www.ayuntamientodeharia.com\/haria\/wp-content\/uploads\/2017\/11\/Har\u00eda-Extreme17-3-150x150.jpg\" alt=\"Har\u00eda Extreme'17 (3)\" width=\"150\" height=\"150\" \/><\/a>Con motivo de la celebraci\u00f3n de la \u2018II Gala del Deporte\u2019, los organizadores del evento, Lancelot Medios, Radio Marca Lanzarote y DeportClinic, han puesto en marcha una votaci\u00f3n popular para determinar cu\u00e1l ha sido el club, deportista o evento deportivo insular m\u00e1s destacado de la temporada 2016-17.<\/p>\n<p><!--more--><\/p>\n<p>&nbsp;<\/p>\n<p>El municipio de Har\u00eda cuenta en esta edici\u00f3n con tres candidaturas:<\/p>\n<p>&nbsp;<\/p>\n<ul>\n<li>Mejor equipo del a\u00f1o 16-17: Har\u00eda CF (ascenso a Tercera divisi\u00f3n)<\/li>\n<\/ul>\n<p>&nbsp;<\/p>\n<ul>\n<li>Promesa 16-17: Daniel Gonz\u00e1lez (jugador del Har\u00eda CF)<\/li>\n<\/ul>\n<p>&nbsp;<\/p>\n<ul>\n<li>Premio evento deportivo 16-17: \u2018Har\u00eda Extreme\u2019<\/li>\n<\/ul>\n<p>&nbsp;<\/p>\n<p>El p\u00fablico, a trav\u00e9s de sus votaciones, ser\u00e1 el encargado de determinar qui\u00e9nes son los merecedores de dichos reconocimiento, por lo que desde el Consistorio norte\u00f1o se solicita la colaboraci\u00f3n de los vecinos para que apoyen las tres candidaturas del municipio con sus votos.<\/p>\n<p>&nbsp;<\/p>\n<p>La votaci\u00f3n se podr\u00e1 realizar hasta el 31 de enero a trav\u00e9s de la web\u00a0<a href=\"http:\/\/www.radiomarcalanzarote.com\/\">www.radiomarcalanzarote.com<\/a>\u00a0y\u00a0<a href=\"http:\/\/www.lancelotdigital.com\/\">www.lancelotdigital.com<\/a>.<\/p>\n","protected":false},"excerpt":{"rendered":"<p>Con motivo de la celebraci\u00f3n de la \u2018II Gala del Deporte\u2019, los organizadores del evento, Lancelot Medios, Radio Marca Lanzarote y DeportClinic, han puesto en marcha una votaci\u00f3n popular para determinar cu\u00e1l ha sido el club, deportista o evento deportivo insular m\u00e1s destacado de la temporada 2016-17.<\/p>\n","protected":false},"author":7,"featured_media":0,"comment_status":"closed","ping_status":"closed","sticky":false,"template":"","format":"standard","meta":{"footnotes":""},"categories":[17,11],"tags":[],"class_list":["post-11417","post","type-post","status-publish","format-standard","hentry","category-deportes","category-hoja-de-haria"],"_links":{"self":[{"href":"https:\/\/www.ayuntamientodeharia.com\/haria\/wp-json\/wp\/v2\/posts\/11417","targetHints":{"allow":["GET"]}}],"collection":[{"href":"https:\/\/www.ayuntamientodeharia.com\/haria\/wp-json\/wp\/v2\/posts"}],"about":[{"href":"https:\/\/www.ayuntamientodeharia.com\/haria\/wp-json\/wp\/v2\/types\/post"}],"author":[{"embeddable":true,"href":"https:\/\/www.ayuntamientodeharia.com\/haria\/wp-json\/wp\/v2\/users\/7"}],"replies":[{"embeddable":true,"href":"https:\/\/www.ayuntamientodeharia.com\/haria\/wp-json\/wp\/v2\/comments?post=11417"}],"version-history":[{"count":1,"href":"https:\/\/www.ayuntamientodeharia.com\/haria\/wp-json\/wp\/v2\/posts\/11417\/revisions"}],"predecessor-version":[{"id":11418,"href":"https:\/\/www.ayuntamientodeharia.com\/haria\/wp-json\/wp\/v2\/posts\/11417\/revisions\/11418"}],"wp:attachment":[{"href":"https:\/\/www.ayuntamientodeharia.com\/haria\/wp-json\/wp\/v2\/media?parent=11417"}],"wp:term":[{"taxonomy":"category","embeddable":true,"href":"https:\/\/www.ayuntamientodeharia.com\/haria\/wp-json\/wp\/v2\/categories?post=11417"},{"taxonomy":"post_tag","embeddable":true,"href":"https:\/\/www.ayuntamientodeharia.com\/haria\/wp-json\/wp\/v2\/tags?post=11417"}],"curies":[{"name":"wp","href":"https:\/\/api.w.org\/{rel}","templated":true}]}}