{"id":11409,"date":"2018-01-20T00:12:42","date_gmt":"2018-01-20T00:12:42","guid":{"rendered":"http:\/\/www.ayuntamientodeharia.com\/haria\/?p=11409"},"modified":"2018-01-20T00:12:42","modified_gmt":"2018-01-20T00:12:42","slug":"actividades-deportivas-del-fin-de-semana-7","status":"publish","type":"post","link":"https:\/\/www.ayuntamientodeharia.com\/haria\/actividades-deportivas-del-fin-de-semana-7\/","title":{"rendered":"Actividades deportivas del fin de semana"},"content":{"rendered":"<p><strong><u><a href=\"http:\/\/www.ayuntamientodeharia.com\/haria\/wp-content\/uploads\/2017\/03\/Cancha-de-Mala.jpg\"><img decoding=\"async\" class=\"alignleft size-thumbnail wp-image-8207\" src=\"http:\/\/www.ayuntamientodeharia.com\/haria\/wp-content\/uploads\/2017\/03\/Cancha-de-Mala-150x150.jpg\" alt=\"Cancha de Mala\" width=\"150\" height=\"150\" \/><\/a>F\u00fatbol:<\/u><\/strong><\/p>\n<p>&nbsp;<\/p>\n<p><strong>JUVENIL<\/strong><\/p>\n<p><strong>PUERTO DEL CARMEN CF &#8211; HAR\u00cdA CF RINC\u00d3N DE AGANADA <\/strong><\/p>\n<p>S\u00e1bado, 20 de enero, a las 20:30h. en el campo de f\u00fatbol de Puerto del Carmen, T\u00edas.<\/p>\n<p><!--more--><\/p>\n<p>&nbsp;<\/p>\n<p>&nbsp;<\/p>\n<p><strong>CADETE<\/strong><\/p>\n<p><strong>CD TINAJO A &#8211; HAR\u00cdA CF RINC\u00d3N DE AGANADA <\/strong><\/p>\n<p>Viernes, 19 de enero, a las 18:30h., en el campo de f\u00fatbol de Tinajo.<\/p>\n<p><strong>\u00a0<\/strong><\/p>\n<p><strong>INFANTIL<\/strong><\/p>\n<p><strong>HAR\u00cdA CF RINC\u00d3N DE AGANADA \u2013 CD TINAJO A<\/strong><\/p>\n<p>S\u00e1bado, 20 de enero, a las 12:00h., en el campo de f\u00fatbol de San Francisco Javier, Arrecife.<\/p>\n<p>&nbsp;<\/p>\n<p><strong>BENJAM\u00cdN<\/strong><\/p>\n<p><strong>INTERNACIONAL PLAYA HONDA &#8211; HAR\u00cdA CF RINC\u00d3N DE AGANADA <\/strong><\/p>\n<p>S\u00e1bado, 20 de enero, a las 10:00h, en el campo de f\u00fatbol de Playa Honda, San Bartolom\u00e9.<\/p>\n<p>&nbsp;<\/p>\n<p><strong>REGIONAL TERCERA DIVISI\u00d3N<\/strong><\/p>\n<p><strong>HAR\u00cdA CF RINC\u00d3N DE AGANADA \u2013 SAN MATEO CF<\/strong><\/p>\n<p>S\u00e1bado, 20 de enero, a las 17:00h.\u00a0 en la Ciudad Deportiva de Lanzarote, Arrecife.<\/p>\n<p>&nbsp;<\/p>\n<p><strong><u>Baloncesto:<\/u><\/strong><\/p>\n<p>&nbsp;<\/p>\n<p><strong>CATEGOR\u00cdA BENJAM\u00cdN FEMENINA <\/strong><\/p>\n<p><strong>CB HAR\u00cdA VUELTA ARRIBA \u2013 ARIAGONA LANZAROTE 09 <\/strong><\/p>\n<p>S\u00e1bado, 20 de enero, a las 11:00h., Pista 3 del CEIP Alcalde Rafael Cedr\u00e9s, T\u00edas.<\/p>\n<p><strong>\u00a0<\/strong><\/p>\n<p><strong>CATEGOR\u00cdA INFANTIL FEMENINA<\/strong><\/p>\n<p><strong>CB HAR\u00cdA VUELTA ARRIBA \u2013 ARIAGONA LANZAROTE<\/strong><\/p>\n<p>S\u00e1bado, 20 de enero, a las 12:00h., Pabell\u00f3n Municipal de Har\u00eda.<\/p>\n<p><strong>\u00a0<\/strong><\/p>\n<p><strong>CATEGOR\u00cdA MINIBASKET MASCULINA<\/strong><\/p>\n<p><strong>CONEJEROS\u00a0 PLAYA HONDA \u2013 CB HAR\u00cdA VUELTA ARRIBA<\/strong><\/p>\n<p>S\u00e1bado, 20 de enero, a las 10:30h.,\u00a0 Pista 1 del ext del Pabell\u00f3n Municipal de T\u00edas.<\/p>\n<p><strong><u>\u00a0<\/u><\/strong><\/p>\n<p><strong><u>Lucha canaria:<\/u><\/strong><\/p>\n<p>&nbsp;<\/p>\n<p><strong>CATEGOR\u00cdA CADETE Y JUVENIL<\/strong><\/p>\n<p><strong>CL UNI\u00d3N NORTE \u2013 CL TINAJO<\/strong><\/p>\n<p>Lunes, 22 de enero, a las 19:30h. en el terrero de lucha \u201cLuis Montero Barreto\u201d de Har\u00eda.<\/p>\n<p><strong>\u00a0<\/strong><\/p>\n<p><strong>CATEGOR\u00cdA S\u00c9NIOR<\/strong><\/p>\n<p><strong>CL UNI\u00d3N NORTE \u2013 CL TINAJO <\/strong><\/p>\n<p>Jueves, 25 de enero, a las 21:00h. en el terrero de lucha \u201cLuis Montero Barreto\u201d de Har\u00eda.<\/p>\n","protected":false},"excerpt":{"rendered":"<p>F\u00fatbol: &nbsp; JUVENIL PUERTO DEL CARMEN CF &#8211; HAR\u00cdA CF RINC\u00d3N DE AGANADA S\u00e1bado, 20 de enero, a las 20:30h. en el campo de f\u00fatbol de Puerto del Carmen, T\u00edas.<\/p>\n","protected":false},"author":7,"featured_media":0,"comment_status":"closed","ping_status":"closed","sticky":false,"template":"","format":"standard","meta":{"footnotes":""},"categories":[17,11],"tags":[],"class_list":["post-11409","post","type-post","status-publish","format-standard","hentry","category-deportes","category-hoja-de-haria"],"_links":{"self":[{"href":"https:\/\/www.ayuntamientodeharia.com\/haria\/wp-json\/wp\/v2\/posts\/11409","targetHints":{"allow":["GET"]}}],"collection":[{"href":"https:\/\/www.ayuntamientodeharia.com\/haria\/wp-json\/wp\/v2\/posts"}],"about":[{"href":"https:\/\/www.ayuntamientodeharia.com\/haria\/wp-json\/wp\/v2\/types\/post"}],"author":[{"embeddable":true,"href":"https:\/\/www.ayuntamientodeharia.com\/haria\/wp-json\/wp\/v2\/users\/7"}],"replies":[{"embeddable":true,"href":"https:\/\/www.ayuntamientodeharia.com\/haria\/wp-json\/wp\/v2\/comments?post=11409"}],"version-history":[{"count":1,"href":"https:\/\/www.ayuntamientodeharia.com\/haria\/wp-json\/wp\/v2\/posts\/11409\/revisions"}],"predecessor-version":[{"id":11410,"href":"https:\/\/www.ayuntamientodeharia.com\/haria\/wp-json\/wp\/v2\/posts\/11409\/revisions\/11410"}],"wp:attachment":[{"href":"https:\/\/www.ayuntamientodeharia.com\/haria\/wp-json\/wp\/v2\/media?parent=11409"}],"wp:term":[{"taxonomy":"category","embeddable":true,"href":"https:\/\/www.ayuntamientodeharia.com\/haria\/wp-json\/wp\/v2\/categories?post=11409"},{"taxonomy":"post_tag","embeddable":true,"href":"https:\/\/www.ayuntamientodeharia.com\/haria\/wp-json\/wp\/v2\/tags?post=11409"}],"curies":[{"name":"wp","href":"https:\/\/api.w.org\/{rel}","templated":true}]}}