{"id":11235,"date":"2017-12-27T14:16:58","date_gmt":"2017-12-27T14:16:58","guid":{"rendered":"http:\/\/www.ayuntamientodeharia.com\/haria\/?p=11235"},"modified":"2018-01-03T12:33:10","modified_gmt":"2018-01-03T12:33:10","slug":"el-festival-internacional-de-circo-malabharia-vuelve-a-traer-a-artistas-de-primer-nivel-al-norte-de-la-isla","status":"publish","type":"post","link":"https:\/\/www.ayuntamientodeharia.com\/haria\/el-festival-internacional-de-circo-malabharia-vuelve-a-traer-a-artistas-de-primer-nivel-al-norte-de-la-isla\/","title":{"rendered":"El Festival Internacional de Circo \u2018MalabHar\u00eda\u2019 vuelve a traer a artistas de primer nivel al norte de la Isla"},"content":{"rendered":"<p>El Cabildo de Lanzarote acogi\u00f3 esta ma\u00f1ana la presentaci\u00f3n del XI Festival Internacional de Circo \u2018MalabHar\u00eda\u2019, organizado por el Ayuntamiento norte\u00f1o, que se celebrar\u00e1 del 2 al 4 de enero, con un cartel de 15 artistas y compa\u00f1\u00edas de primer nivel que viene a refrendar la consolidaci\u00f3n de este evento.<\/p>\n<p><!--more--><\/p>\n<p>&nbsp;<\/p>\n<p>En el acto estuvieron presentes el consejero de Turismo del Gobierno de Canarias, Isaac Castellano, el responsable de Cultura de la primera Instituci\u00f3n insular, \u00d3scar P\u00e9rez, y el alcalde de Har\u00eda, Marci Acu\u00f1a, quien agradeci\u00f3 el respaldo de las administraciones insular y regional.<\/p>\n<p>&nbsp;<\/p>\n<p>El primer edil record\u00f3 que \u201ca lo largo de las diez \u00faltimas ediciones han pasado por los escenarios de Har\u00eda m\u00e1s de 50 compa\u00f1\u00edas, siendo m\u00e1s de 10.000 personas las que han podido disfrutar de los espect\u00e1culos de circo\u201d.<\/p>\n<p>&nbsp;<\/p>\n<p>Acu\u00f1a, que resalt\u00f3 tambi\u00e9n los beneficios econ\u00f3micos que este tipo de acontecimiento suponen para el municipio, puso de relieve la calidad de los artistas invitados, entre ellos la compa\u00f1\u00eda espa\u00f1ola Trespert\u00e9, la alemana Roxana K\u00fcwen o la tambi\u00e9n espa\u00f1ola Olga Calle, adem\u00e1s del cierre, que correr\u00e1 a cargo del canario Aim\u00e9 Morales.<\/p>\n<p>&nbsp;<\/p>\n<p>Por su parte, el consejero insular de Cultura, \u00d3scar P\u00e9rez, puso de manifiesto el \u201csalto considerable\u201d experimentado por el festival, confiando en que se vuelvan a superar todas las expectativas en esta presente edici\u00f3n.<\/p>\n<p>&nbsp;<\/p>\n<p>Isaac Castellano hizo hincapi\u00e9 en la \u201cenorme trascendencia de este festival, que ha crecido tanto cuantitativa como cualitativamente, apostando por el uso de los espacios p\u00fablicos\u201d, al tiempo que destac\u00f3 la importancia del clima tan ben\u00e9volo de la Isla para la celebraci\u00f3n de este tipo de actos e inst\u00f3 a las administraciones a fomentar la organizaci\u00f3n de distintos eventos culturales y de artes esc\u00e9nicas.<\/p>\n<p>&nbsp;<\/p>\n<p>Y es que la cuenta atr\u00e1s ya ha comenzado para poder disfrutar de la magia, la creatividad y la profesionalidad de los espect\u00e1culos propuestos, que este a\u00f1o cuentan con dos espacios diferentes para su representaci\u00f3n: la Plaza de Har\u00eda, para los n\u00fameros gratuitos de tarde, y el Pabell\u00f3n de Deportes de Har\u00eda, para los de de noche, a un precio de cinco euros. Las localidades se podr\u00e1n adquirir en el \u00c1rea de Juventud de Ayuntamiento norte\u00f1o, de 08:00 a 14:00 horas.<\/p>\n<p>&nbsp;<\/p>\n<p>Aquellas personas que no hayan comprado la entrada previamente podr\u00e1n hacerlo, para el espect\u00e1culo del 2 de enero, en la taquilla del pabell\u00f3n de Deportes de Har\u00eda, y para los espect\u00e1culos del 3 y 4 de enero, en el stand habilitado en el Rastro de Navidad de la Plaza de Har\u00eda. Las localidades se pondr\u00e1n a la venta desde la 18:00 a las 20:00 horas hasta agotar localidades.<\/p>\n<p>&nbsp;<\/p>\n<p><strong><u>Programa de la XI Edici\u00f3n del Festival de Circo \u2018MalabHar\u00eda\u2019:<\/u><\/strong><\/p>\n<p>&nbsp;<\/p>\n<p><strong>Martes, 2 de enero:<\/strong><\/p>\n<p>20:30h.- Gala inaugural con la actuaci\u00f3n de Albadulake (Espa\u00f1a) presentando su espect\u00e1culo \u2018Las Expertas\u2019 en el Pabell\u00f3n de Deportes de Har\u00eda. Entrada 5 euros.<\/p>\n<p>&nbsp;<\/p>\n<p><strong>Mi\u00e9rcoles, 3 de enero:<\/strong><\/p>\n<p>17:30h.- Trespert\u00e9 (Espa\u00f1a): \u2018Ooport\u2019, espect\u00e1culo gratuito en la plaza de Har\u00eda<\/p>\n<p>20:30h.- <u>Gala Internacional de Circo I<\/u> presentada por La Banda del Otro en el Pabell\u00f3n de Deportes de Har\u00eda. Entrada 5 euros.<\/p>\n<ul>\n<li>Niko&amp;Vito (Francia\/Espa\u00f1a): Cuerda floja doble<\/li>\n<li>Daniel Basco (Espa\u00f1a): Di\u00e1bolos<\/li>\n<li>Olga Calle (Espa\u00f1a): Aro a\u00e9reo<\/li>\n<li>Amera Fricacirc (Espa\u00f1a): Port\u00e9s acrob\u00e1ticos<\/li>\n<li>Nacho Ricci (Argentina): Cuerda Vertical<\/li>\n<li>Roxana K\u00fcwen (Alemania): Antipodismo<\/li>\n<li>Elena Vives (Espa\u00f1a): Straps<\/li>\n<\/ul>\n<p>&nbsp;<\/p>\n<p><strong>Jueves, 4 de enero:<\/strong><\/p>\n<p>17:30h.- Miguel Cigosos (Espa\u00f1a): \u2018M\u00f6bius\u2019, espect\u00e1culo gratuito en la plaza de Har\u00eda.<\/p>\n<p>20:30h.- <u>Gala Internacional de Circo II<\/u> en el Pabell\u00f3n de Deportes de Har\u00eda. Entrada 5 euros.<\/p>\n<ul>\n<li>Arce L\u00f3pez (Espa\u00f1a): M\u00e1stil chino<\/li>\n<li>Miguel Cigosos (Espa\u00f1a): Malabares<\/li>\n<li>Emil.Ron &amp; Nac.Ricci (Espa\u00f1a): Cuerda<\/li>\n<li>Antonia (Espa\u00f1a): antipodismo<\/li>\n<li>Diego &amp; Elena (Espa\u00f1a): Straps<\/li>\n<li>Aim\u00e9 Morales (Venezuela\/Espa\u00f1a): Rueda cyr<\/li>\n<\/ul>\n<p>&nbsp;<\/p>\n<p><strong>Viernes, 5 de enero:<\/strong><\/p>\n<p>17:30h.- Espect\u00e1culo \u2018Cabaret Circus\u2019 presentado por La Banda del Otro en la plaza de Har\u00eda. Gala Real de Circo y Cabalgata.<\/p>\n<ul>\n<li>Marina (Argentina): Contorsionismo<\/li>\n<li>Sandra (Espa\u00f1a): Hoolahoops<\/li>\n<li>Arce L\u00f3pez Guti\u00e9rrez (Espa\u00f1a): M\u00e1stil chino<\/li>\n<li>Antonia (Espa\u00f1a): Antipodismo<\/li>\n<li>Aim\u00e9 Morales (Venezuela\/Espa\u00f1a): Rueda Cyr<\/li>\n<\/ul>\n<p>&nbsp;<\/p>\n<p>M\u00e1s informaci\u00f3n en <a href=\"http:\/\/malabharia.com\/\">http:\/\/malabharia.com\/<\/a><\/p>\n<p><a href=\"http:\/\/www.ayuntamientodeharia.com\/haria\/wp-content\/uploads\/2017\/12\/Presentaci\u00f3n-MalabHar\u00eda18-1.jpg\"><img decoding=\"async\" class=\"alignleft size-thumbnail wp-image-11237\" src=\"http:\/\/www.ayuntamientodeharia.com\/haria\/wp-content\/uploads\/2017\/12\/Presentaci\u00f3n-MalabHar\u00eda18-1-150x150.jpg\" alt=\"Presentaci\u00f3n MalabHar\u00eda'18 (1)\" width=\"150\" height=\"150\" \/><\/a> <a href=\"http:\/\/www.ayuntamientodeharia.com\/haria\/wp-content\/uploads\/2017\/12\/Presentaci\u00f3n-MalabHar\u00eda18-2.jpg\"><img decoding=\"async\" class=\"alignleft size-thumbnail wp-image-11238\" src=\"http:\/\/www.ayuntamientodeharia.com\/haria\/wp-content\/uploads\/2017\/12\/Presentaci\u00f3n-MalabHar\u00eda18-2-150x150.jpg\" alt=\"Presentaci\u00f3n MalabHar\u00eda'18 (2)\" width=\"150\" height=\"150\" \/><\/a> <a href=\"http:\/\/www.ayuntamientodeharia.com\/haria\/wp-content\/uploads\/2017\/12\/Presentaci\u00f3n-MalabHar\u00eda18-3.jpg\"><img decoding=\"async\" class=\"alignleft size-thumbnail wp-image-11239\" src=\"http:\/\/www.ayuntamientodeharia.com\/haria\/wp-content\/uploads\/2017\/12\/Presentaci\u00f3n-MalabHar\u00eda18-3-150x150.jpg\" alt=\"Presentaci\u00f3n MalabHar\u00eda'18 (3)\" width=\"150\" height=\"150\" \/><\/a> <a href=\"http:\/\/www.ayuntamientodeharia.com\/haria\/wp-content\/uploads\/2017\/12\/Presentaci\u00f3n-MalabHar\u00eda18-4.jpg\"><img loading=\"lazy\" decoding=\"async\" class=\"alignleft size-thumbnail wp-image-11240\" src=\"http:\/\/www.ayuntamientodeharia.com\/haria\/wp-content\/uploads\/2017\/12\/Presentaci\u00f3n-MalabHar\u00eda18-4-150x150.jpg\" alt=\"Presentaci\u00f3n MalabHar\u00eda'18 (4)\" width=\"150\" height=\"150\" \/><\/a><\/p>\n","protected":false},"excerpt":{"rendered":"<p>El Cabildo de Lanzarote acogi\u00f3 esta ma\u00f1ana la presentaci\u00f3n del XI Festival Internacional de Circo \u2018MalabHar\u00eda\u2019, organizado por el Ayuntamiento norte\u00f1o, que se celebrar\u00e1 del 2 al 4 de enero, con un cartel de 15 artistas y compa\u00f1\u00edas de primer nivel que viene a refrendar la consolidaci\u00f3n de este evento.<\/p>\n","protected":false},"author":7,"featured_media":11236,"comment_status":"closed","ping_status":"closed","sticky":false,"template":"","format":"standard","meta":{"footnotes":""},"categories":[16,25],"tags":[],"class_list":["post-11235","post","type-post","status-publish","format-standard","has-post-thumbnail","hentry","category-cultura","category-juventud"],"_links":{"self":[{"href":"https:\/\/www.ayuntamientodeharia.com\/haria\/wp-json\/wp\/v2\/posts\/11235","targetHints":{"allow":["GET"]}}],"collection":[{"href":"https:\/\/www.ayuntamientodeharia.com\/haria\/wp-json\/wp\/v2\/posts"}],"about":[{"href":"https:\/\/www.ayuntamientodeharia.com\/haria\/wp-json\/wp\/v2\/types\/post"}],"author":[{"embeddable":true,"href":"https:\/\/www.ayuntamientodeharia.com\/haria\/wp-json\/wp\/v2\/users\/7"}],"replies":[{"embeddable":true,"href":"https:\/\/www.ayuntamientodeharia.com\/haria\/wp-json\/wp\/v2\/comments?post=11235"}],"version-history":[{"count":1,"href":"https:\/\/www.ayuntamientodeharia.com\/haria\/wp-json\/wp\/v2\/posts\/11235\/revisions"}],"predecessor-version":[{"id":11241,"href":"https:\/\/www.ayuntamientodeharia.com\/haria\/wp-json\/wp\/v2\/posts\/11235\/revisions\/11241"}],"wp:featuredmedia":[{"embeddable":true,"href":"https:\/\/www.ayuntamientodeharia.com\/haria\/wp-json\/wp\/v2\/media\/11236"}],"wp:attachment":[{"href":"https:\/\/www.ayuntamientodeharia.com\/haria\/wp-json\/wp\/v2\/media?parent=11235"}],"wp:term":[{"taxonomy":"category","embeddable":true,"href":"https:\/\/www.ayuntamientodeharia.com\/haria\/wp-json\/wp\/v2\/categories?post=11235"},{"taxonomy":"post_tag","embeddable":true,"href":"https:\/\/www.ayuntamientodeharia.com\/haria\/wp-json\/wp\/v2\/tags?post=11235"}],"curies":[{"name":"wp","href":"https:\/\/api.w.org\/{rel}","templated":true}]}}