{"id":11231,"date":"2017-12-22T21:20:44","date_gmt":"2017-12-22T21:20:44","guid":{"rendered":"http:\/\/www.ayuntamientodeharia.com\/haria\/?p=11231"},"modified":"2018-01-03T12:34:30","modified_gmt":"2018-01-03T12:34:30","slug":"los-mayores-de-haria-se-dan-cita-en-maguez-con-motivo-de-las-fiestas-de-navidad","status":"publish","type":"post","link":"https:\/\/www.ayuntamientodeharia.com\/haria\/los-mayores-de-haria-se-dan-cita-en-maguez-con-motivo-de-las-fiestas-de-navidad\/","title":{"rendered":"Los mayores de Har\u00eda se dan cita en M\u00e1guez con motivo de las fiestas de Navidad"},"content":{"rendered":"<p>Unos doscientos mayores del municipio de Har\u00eda\u00a0se dieron cita ayer jueves, 21 de diciembre, en el<strong>\u00a0<\/strong>Centro Democr\u00e1tico de M\u00e1guez<strong>,<\/strong>\u00a0para disfrutar del tradicional almuerzo navide\u00f1o organizado por la Concejal\u00eda de la Tercera Edad del Consistorio norte\u00f1o, dentro de los actos programados con motivo de las Fiestas de Navidad y Reyes.<\/p>\n<p><!--more--><br \/>\nDurante el encuentro, adem\u00e1s de la tradicional comida, los mayores disfrutaron con la actuaci\u00f3n del grupo de teatro Ra\u00edces y Ramas, as\u00ed como del sorteo de numerosos regalos y de un animado baile para finalizar la tarde.<\/p>\n<p>&nbsp;<br \/>\nEl alcalde de Har\u00eda, Marci Acu\u00f1a, acompa\u00f1ado por la concejala de la Tercera Edad, Auxiliadora Fern\u00e1ndez, y por varios concejales del grupo de gobierno, obsequiaron a los asistentes con un peque\u00f1o aguinaldo.<\/p>\n<p><a href=\"http:\/\/www.ayuntamientodeharia.com\/haria\/wp-content\/uploads\/2017\/12\/Comida-de-Navidad-de-mayores-1.jpg\"><img decoding=\"async\" class=\"alignleft size-thumbnail wp-image-11233\" src=\"http:\/\/www.ayuntamientodeharia.com\/haria\/wp-content\/uploads\/2017\/12\/Comida-de-Navidad-de-mayores-1-150x150.jpg\" alt=\"Comida de Navidad de mayores (1)\" width=\"150\" height=\"150\" \/><\/a><\/p>\n","protected":false},"excerpt":{"rendered":"<p>Unos doscientos mayores del municipio de Har\u00eda\u00a0se dieron cita ayer jueves, 21 de diciembre, en el\u00a0Centro Democr\u00e1tico de M\u00e1guez,\u00a0para disfrutar del tradicional almuerzo navide\u00f1o organizado por la Concejal\u00eda de la Tercera Edad del Consistorio norte\u00f1o, dentro de los actos programados con motivo de las Fiestas de Navidad y Reyes.<\/p>\n","protected":false},"author":7,"featured_media":11232,"comment_status":"closed","ping_status":"closed","sticky":false,"template":"","format":"standard","meta":{"footnotes":""},"categories":[11,61],"tags":[],"class_list":["post-11231","post","type-post","status-publish","format-standard","has-post-thumbnail","hentry","category-hoja-de-haria","category-tercera-edad"],"_links":{"self":[{"href":"https:\/\/www.ayuntamientodeharia.com\/haria\/wp-json\/wp\/v2\/posts\/11231","targetHints":{"allow":["GET"]}}],"collection":[{"href":"https:\/\/www.ayuntamientodeharia.com\/haria\/wp-json\/wp\/v2\/posts"}],"about":[{"href":"https:\/\/www.ayuntamientodeharia.com\/haria\/wp-json\/wp\/v2\/types\/post"}],"author":[{"embeddable":true,"href":"https:\/\/www.ayuntamientodeharia.com\/haria\/wp-json\/wp\/v2\/users\/7"}],"replies":[{"embeddable":true,"href":"https:\/\/www.ayuntamientodeharia.com\/haria\/wp-json\/wp\/v2\/comments?post=11231"}],"version-history":[{"count":1,"href":"https:\/\/www.ayuntamientodeharia.com\/haria\/wp-json\/wp\/v2\/posts\/11231\/revisions"}],"predecessor-version":[{"id":11234,"href":"https:\/\/www.ayuntamientodeharia.com\/haria\/wp-json\/wp\/v2\/posts\/11231\/revisions\/11234"}],"wp:featuredmedia":[{"embeddable":true,"href":"https:\/\/www.ayuntamientodeharia.com\/haria\/wp-json\/wp\/v2\/media\/11232"}],"wp:attachment":[{"href":"https:\/\/www.ayuntamientodeharia.com\/haria\/wp-json\/wp\/v2\/media?parent=11231"}],"wp:term":[{"taxonomy":"category","embeddable":true,"href":"https:\/\/www.ayuntamientodeharia.com\/haria\/wp-json\/wp\/v2\/categories?post=11231"},{"taxonomy":"post_tag","embeddable":true,"href":"https:\/\/www.ayuntamientodeharia.com\/haria\/wp-json\/wp\/v2\/tags?post=11231"}],"curies":[{"name":"wp","href":"https:\/\/api.w.org\/{rel}","templated":true}]}}