{"id":11226,"date":"2017-12-22T21:17:16","date_gmt":"2017-12-22T21:17:16","guid":{"rendered":"http:\/\/www.ayuntamientodeharia.com\/haria\/?p=11226"},"modified":"2017-12-22T21:17:16","modified_gmt":"2017-12-22T21:17:16","slug":"jaime-romero-la-residencia-escolar-de-haria-y-augusto-montero-ganadores-del-concurso-de-belenes-caseros","status":"publish","type":"post","link":"https:\/\/www.ayuntamientodeharia.com\/haria\/jaime-romero-la-residencia-escolar-de-haria-y-augusto-montero-ganadores-del-concurso-de-belenes-caseros\/","title":{"rendered":"Jaime Romero, la Residencia Escolar de Har\u00eda y Augusto Montero, ganadores del Concurso de Belenes Caseros"},"content":{"rendered":"<p>La creatividad, originalidad y complejidad en la ejecuci\u00f3n de los Portales han sido determinantes para que el jurado de la XIX edici\u00f3n del Concurso de Belenes Caseros, organizado por la Concejal\u00eda de Cultura del Ayuntamiento de Har\u00eda, con motivo de las Fiestas de Navidad y Reyes, premiara a los tres mejores nacimientos presentados al concurso.<\/p>\n<p><!--more--><\/p>\n<p>&nbsp;<\/p>\n<p>Jaime Romero, la Residencia Escolar de Har\u00eda y Augusto Montero han sido los ganadores de la edici\u00f3n de este a\u00f1o, que cont\u00f3 con la participaci\u00f3n de nueve candidaturas.<\/p>\n<p>&nbsp;<\/p>\n<p>Los vecinos del municipio interesados en visitar los Belenes participantes deber\u00e1n ponerse en contacto con el Departamento de Cultura para concertar la misma.<\/p>\n<p>&nbsp;<\/p>\n<p>Desde el Consistorio se quiere felicitar a los participantes en el concurso, especialmente a los que han resultado premiados, por seguir manteniendo viva una de las tradiciones m\u00e1s entra\u00f1ables y significativas de las fiestas navide\u00f1a.<\/p>\n<p><a href=\"http:\/\/www.ayuntamientodeharia.com\/haria\/wp-content\/uploads\/2017\/12\/Residencia-Escolar-de-Har\u00eda-Segundo-Premio.jpg\"><img decoding=\"async\" class=\"alignleft size-thumbnail wp-image-11229\" src=\"http:\/\/www.ayuntamientodeharia.com\/haria\/wp-content\/uploads\/2017\/12\/Residencia-Escolar-de-Har\u00eda-Segundo-Premio-150x150.jpg\" alt=\"Residencia Escolar de Har\u00eda-Segundo Premio\" width=\"150\" height=\"150\" \/><\/a><a href=\"http:\/\/www.ayuntamientodeharia.com\/haria\/wp-content\/uploads\/2017\/12\/Augusto-Montero-Tercer-Premio.jpg\"><img decoding=\"async\" class=\"alignleft size-thumbnail wp-image-11228\" src=\"http:\/\/www.ayuntamientodeharia.com\/haria\/wp-content\/uploads\/2017\/12\/Augusto-Montero-Tercer-Premio-150x150.jpg\" alt=\"Augusto Montero-Tercer Premio\" width=\"150\" height=\"150\" \/><\/a><\/p>\n","protected":false},"excerpt":{"rendered":"<p>La creatividad, originalidad y complejidad en la ejecuci\u00f3n de los Portales han sido determinantes para que el jurado de la XIX edici\u00f3n del Concurso de Belenes Caseros, organizado por la Concejal\u00eda de Cultura del Ayuntamiento de Har\u00eda, con motivo de las Fiestas de Navidad y Reyes, premiara a los tres mejores nacimientos presentados al concurso.<\/p>\n","protected":false},"author":7,"featured_media":11227,"comment_status":"closed","ping_status":"closed","sticky":false,"template":"","format":"standard","meta":{"footnotes":""},"categories":[16,11],"tags":[],"class_list":["post-11226","post","type-post","status-publish","format-standard","has-post-thumbnail","hentry","category-cultura","category-hoja-de-haria"],"_links":{"self":[{"href":"https:\/\/www.ayuntamientodeharia.com\/haria\/wp-json\/wp\/v2\/posts\/11226","targetHints":{"allow":["GET"]}}],"collection":[{"href":"https:\/\/www.ayuntamientodeharia.com\/haria\/wp-json\/wp\/v2\/posts"}],"about":[{"href":"https:\/\/www.ayuntamientodeharia.com\/haria\/wp-json\/wp\/v2\/types\/post"}],"author":[{"embeddable":true,"href":"https:\/\/www.ayuntamientodeharia.com\/haria\/wp-json\/wp\/v2\/users\/7"}],"replies":[{"embeddable":true,"href":"https:\/\/www.ayuntamientodeharia.com\/haria\/wp-json\/wp\/v2\/comments?post=11226"}],"version-history":[{"count":1,"href":"https:\/\/www.ayuntamientodeharia.com\/haria\/wp-json\/wp\/v2\/posts\/11226\/revisions"}],"predecessor-version":[{"id":11230,"href":"https:\/\/www.ayuntamientodeharia.com\/haria\/wp-json\/wp\/v2\/posts\/11226\/revisions\/11230"}],"wp:featuredmedia":[{"embeddable":true,"href":"https:\/\/www.ayuntamientodeharia.com\/haria\/wp-json\/wp\/v2\/media\/11227"}],"wp:attachment":[{"href":"https:\/\/www.ayuntamientodeharia.com\/haria\/wp-json\/wp\/v2\/media?parent=11226"}],"wp:term":[{"taxonomy":"category","embeddable":true,"href":"https:\/\/www.ayuntamientodeharia.com\/haria\/wp-json\/wp\/v2\/categories?post=11226"},{"taxonomy":"post_tag","embeddable":true,"href":"https:\/\/www.ayuntamientodeharia.com\/haria\/wp-json\/wp\/v2\/tags?post=11226"}],"curies":[{"name":"wp","href":"https:\/\/api.w.org\/{rel}","templated":true}]}}