{"id":11217,"date":"2017-12-22T21:10:36","date_gmt":"2017-12-22T21:10:36","guid":{"rendered":"http:\/\/www.ayuntamientodeharia.com\/haria\/?p=11217"},"modified":"2017-12-22T21:10:50","modified_gmt":"2017-12-22T21:10:50","slug":"rastro-de-navidad-en-la-plaza-de-haria-2","status":"publish","type":"post","link":"https:\/\/www.ayuntamientodeharia.com\/haria\/rastro-de-navidad-en-la-plaza-de-haria-2\/","title":{"rendered":"Rastro de Navidad en la Plaza de Har\u00eda"},"content":{"rendered":"<p><a href=\"http:\/\/www.ayuntamientodeharia.com\/haria\/wp-content\/uploads\/2017\/12\/Rastro-Joven-de-Navidad2-.jpg\"><img decoding=\"async\" class=\"alignleft size-thumbnail wp-image-11166\" src=\"http:\/\/www.ayuntamientodeharia.com\/haria\/wp-content\/uploads\/2017\/12\/Rastro-Joven-de-Navidad2--150x150.jpg\" alt=\"Rastro Joven de Navidad2\" width=\"150\" height=\"150\" \/><\/a>El Rastro de Navidad vuelve a la plaza de Har\u00eda el 3 y 4 de enero para ofrecer a los vecinos y visitantes del municipio la oportunidad, no solo de adquirir art\u00edculos de segunda mano, de saldo y artesan\u00eda, sino tambi\u00e9n, de disfrutar de una tarde diferente llena de m\u00fasica y espect\u00e1culos.<\/p>\n<p><!--more--><\/p>\n<p>&nbsp;<\/p>\n<p>El mi\u00e9rcoles 3 de enero, a las 17:30 horas, ser\u00e1 el grupo Trespert\u00e9, con su espect\u00e1culo \u2018Oopart\u2019, el encargado de animar a los asistentes al Rastro de Navidad con un fant\u00e1stico y divertido n\u00famero circense, mientras que el jueves 4 de enero, a las 17:30 horas, le tocar\u00e1 el turno al malabarista Miguel Cigosos con su espect\u00e1culo \u2018M\u00f6bius\u2019.<\/p>\n","protected":false},"excerpt":{"rendered":"<p>El Rastro de Navidad vuelve a la plaza de Har\u00eda el 3 y 4 de enero para ofrecer a los vecinos y visitantes del municipio la oportunidad, no solo de adquirir art\u00edculos de segunda mano, de saldo y artesan\u00eda, sino tambi\u00e9n, de disfrutar de una tarde diferente llena de m\u00fasica y espect\u00e1culos.<\/p>\n","protected":false},"author":7,"featured_media":0,"comment_status":"closed","ping_status":"closed","sticky":false,"template":"","format":"standard","meta":{"footnotes":""},"categories":[66,16,11,25],"tags":[],"class_list":["post-11217","post","type-post","status-publish","format-standard","hentry","category-artesania","category-cultura","category-hoja-de-haria","category-juventud"],"_links":{"self":[{"href":"https:\/\/www.ayuntamientodeharia.com\/haria\/wp-json\/wp\/v2\/posts\/11217","targetHints":{"allow":["GET"]}}],"collection":[{"href":"https:\/\/www.ayuntamientodeharia.com\/haria\/wp-json\/wp\/v2\/posts"}],"about":[{"href":"https:\/\/www.ayuntamientodeharia.com\/haria\/wp-json\/wp\/v2\/types\/post"}],"author":[{"embeddable":true,"href":"https:\/\/www.ayuntamientodeharia.com\/haria\/wp-json\/wp\/v2\/users\/7"}],"replies":[{"embeddable":true,"href":"https:\/\/www.ayuntamientodeharia.com\/haria\/wp-json\/wp\/v2\/comments?post=11217"}],"version-history":[{"count":2,"href":"https:\/\/www.ayuntamientodeharia.com\/haria\/wp-json\/wp\/v2\/posts\/11217\/revisions"}],"predecessor-version":[{"id":11219,"href":"https:\/\/www.ayuntamientodeharia.com\/haria\/wp-json\/wp\/v2\/posts\/11217\/revisions\/11219"}],"wp:attachment":[{"href":"https:\/\/www.ayuntamientodeharia.com\/haria\/wp-json\/wp\/v2\/media?parent=11217"}],"wp:term":[{"taxonomy":"category","embeddable":true,"href":"https:\/\/www.ayuntamientodeharia.com\/haria\/wp-json\/wp\/v2\/categories?post=11217"},{"taxonomy":"post_tag","embeddable":true,"href":"https:\/\/www.ayuntamientodeharia.com\/haria\/wp-json\/wp\/v2\/tags?post=11217"}],"curies":[{"name":"wp","href":"https:\/\/api.w.org\/{rel}","templated":true}]}}