{"id":10877,"date":"2017-11-15T10:46:24","date_gmt":"2017-11-15T10:46:24","guid":{"rendered":"http:\/\/www.ayuntamientodeharia.com\/haria\/?p=10877"},"modified":"2017-11-17T18:28:42","modified_gmt":"2017-11-17T18:28:42","slug":"el-pueblo-de-ye-rinde-homenaje-a-la-maestra-carmen-toledo-ortiz","status":"publish","type":"post","link":"https:\/\/www.ayuntamientodeharia.com\/haria\/el-pueblo-de-ye-rinde-homenaje-a-la-maestra-carmen-toledo-ortiz\/","title":{"rendered":"El pueblo de Ye rinde homenaje a la maestra Carmen Toledo Ortiz"},"content":{"rendered":"<p>El pasado fin de semana tuvo lugar el acto de descubrimiento de una placa en honor a la maestra de Ye Carmen Toledo Ortiz, en las instalaciones del CSC El Tef\u00edo, antes del preg\u00f3n de las fiestas de dicha localidad a cargo de su hija, Juana Mar\u00eda Rodr\u00edguez Toledo.<\/p>\n<p><!--more--><\/p>\n<p>&nbsp;<\/p>\n<p>La maestra, que desempe\u00f1\u00f3 su profesi\u00f3n durante 40 a\u00f1os dando clases en el pueblo de Ye, es recordada por su dedicaci\u00f3n y por su impagable labor social con los m\u00e1s desfavorecidos, ense\u00f1ando a leer y escribir a los ni\u00f1os necesitados.<\/p>\n<p>&nbsp;<\/p>\n<p>Es intenci\u00f3n del grupo de gobierno norte\u00f1o rendir homenaje a aquellas personas que contribuyeron de alguna forma al desarrollo del municipio a todos los niveles, como es el caso de la maestra Carmen Toledo.<\/p>\n<p><a href=\"http:\/\/www.ayuntamientodeharia.com\/haria\/wp-content\/uploads\/2017\/11\/Preg\u00f3n-Ye-2.jpg\"><img decoding=\"async\" class=\"alignleft size-thumbnail wp-image-10879\" src=\"http:\/\/www.ayuntamientodeharia.com\/haria\/wp-content\/uploads\/2017\/11\/Preg\u00f3n-Ye-2-150x150.jpg\" alt=\"Preg\u00f3n Ye (2)\" width=\"150\" height=\"150\" \/><\/a> <a href=\"http:\/\/www.ayuntamientodeharia.com\/haria\/wp-content\/uploads\/2017\/11\/Preg\u00f3n-Ye-3.jpg\"><img decoding=\"async\" class=\"alignleft size-thumbnail wp-image-10880\" src=\"http:\/\/www.ayuntamientodeharia.com\/haria\/wp-content\/uploads\/2017\/11\/Preg\u00f3n-Ye-3-150x150.jpg\" alt=\"Preg\u00f3n Ye (3)\" width=\"150\" height=\"150\" \/><\/a> <a href=\"http:\/\/www.ayuntamientodeharia.com\/haria\/wp-content\/uploads\/2017\/11\/Preg\u00f3n-Ye-4.jpg\"><img decoding=\"async\" class=\"alignleft size-thumbnail wp-image-10881\" src=\"http:\/\/www.ayuntamientodeharia.com\/haria\/wp-content\/uploads\/2017\/11\/Preg\u00f3n-Ye-4-150x150.jpg\" alt=\"Preg\u00f3n Ye (4)\" width=\"150\" height=\"150\" \/><\/a><\/p>\n","protected":false},"excerpt":{"rendered":"<p>El pasado fin de semana tuvo lugar el acto de descubrimiento de una placa en honor a la maestra de Ye Carmen Toledo Ortiz, en las instalaciones del CSC El Tef\u00edo, antes del preg\u00f3n de las fiestas de dicha localidad a cargo de su hija, Juana Mar\u00eda Rodr\u00edguez Toledo.<\/p>\n","protected":false},"author":7,"featured_media":10878,"comment_status":"closed","ping_status":"closed","sticky":false,"template":"","format":"standard","meta":{"footnotes":""},"categories":[19,11,81],"tags":[],"class_list":["post-10877","post","type-post","status-publish","format-standard","has-post-thumbnail","hentry","category-formacion","category-hoja-de-haria","category-municipio"],"_links":{"self":[{"href":"https:\/\/www.ayuntamientodeharia.com\/haria\/wp-json\/wp\/v2\/posts\/10877","targetHints":{"allow":["GET"]}}],"collection":[{"href":"https:\/\/www.ayuntamientodeharia.com\/haria\/wp-json\/wp\/v2\/posts"}],"about":[{"href":"https:\/\/www.ayuntamientodeharia.com\/haria\/wp-json\/wp\/v2\/types\/post"}],"author":[{"embeddable":true,"href":"https:\/\/www.ayuntamientodeharia.com\/haria\/wp-json\/wp\/v2\/users\/7"}],"replies":[{"embeddable":true,"href":"https:\/\/www.ayuntamientodeharia.com\/haria\/wp-json\/wp\/v2\/comments?post=10877"}],"version-history":[{"count":1,"href":"https:\/\/www.ayuntamientodeharia.com\/haria\/wp-json\/wp\/v2\/posts\/10877\/revisions"}],"predecessor-version":[{"id":10882,"href":"https:\/\/www.ayuntamientodeharia.com\/haria\/wp-json\/wp\/v2\/posts\/10877\/revisions\/10882"}],"wp:featuredmedia":[{"embeddable":true,"href":"https:\/\/www.ayuntamientodeharia.com\/haria\/wp-json\/wp\/v2\/media\/10878"}],"wp:attachment":[{"href":"https:\/\/www.ayuntamientodeharia.com\/haria\/wp-json\/wp\/v2\/media?parent=10877"}],"wp:term":[{"taxonomy":"category","embeddable":true,"href":"https:\/\/www.ayuntamientodeharia.com\/haria\/wp-json\/wp\/v2\/categories?post=10877"},{"taxonomy":"post_tag","embeddable":true,"href":"https:\/\/www.ayuntamientodeharia.com\/haria\/wp-json\/wp\/v2\/tags?post=10877"}],"curies":[{"name":"wp","href":"https:\/\/api.w.org\/{rel}","templated":true}]}}