{"id":1081,"date":"2015-03-06T08:38:49","date_gmt":"2015-03-06T08:38:49","guid":{"rendered":"http:\/\/www.ayuntamientodeharia.com\/haria\/?p=1081"},"modified":"2015-03-06T10:28:47","modified_gmt":"2015-03-06T10:28:47","slug":"miles-de-personas-se-dieron-cita-una-vez-mas-en-el-carnaval-de-haria","status":"publish","type":"post","link":"https:\/\/www.ayuntamientodeharia.com\/haria\/miles-de-personas-se-dieron-cita-una-vez-mas-en-el-carnaval-de-haria\/","title":{"rendered":"Miles de personas se dieron cita una vez m\u00e1s en el Carnaval de Har\u00eda"},"content":{"rendered":"<p>Un a\u00f1o m\u00e1s, el pueblo de Har\u00eda reuni\u00f3 a miles de mascaritas que se dieron cita el pasado fin de semana en el Carnaval m\u00e1s especial de la isla de Lanzarote, en el que se ha convertido ya en un todo un referente de la diversi\u00f3n, el colorido y el buen ambiente reinante.<\/p>\n<p>&nbsp;<\/p>\n<p>El viernes fue el turno de los m\u00e1s peque\u00f1os, con la celebraci\u00f3n de los tradicionales pasacalles de los centros escolares, mientras que por la noche todos los focos se centraron en el \u2018Festival Carnavalero Har\u00eda 2015\u2019, que cont\u00f3 con la participaci\u00f3n de los conocidos artistas Manny Manuel y Danny Romero.<\/p>\n<p><!--more--><\/p>\n<p><a href=\"http:\/\/www.ayuntamientodeharia.com\/haria\/wp-content\/uploads\/2015\/03\/hoja_740-carnaval-har\u00eda-2.jpg\"><img decoding=\"async\" class=\"alignleft size-thumbnail wp-image-1055\" src=\"http:\/\/www.ayuntamientodeharia.com\/haria\/wp-content\/uploads\/2015\/03\/hoja_740-carnaval-har\u00eda-2-150x150.jpg\" alt=\"hoja_740 carnaval har\u00eda 2\" width=\"150\" height=\"150\" \/><\/a>La jornada del s\u00e1bado arranc\u00f3 con el encuentro de murgas, para seguir con el acto m\u00e1s multitudinario de las fiestas, el gran Coso Carnavalero en el que participaron unas 25 carrozas y m\u00e1s de 20 grupos, entre murgas, batucadas y comparsas.<\/p>\n<p>&nbsp;<\/p>\n<p>Tras el \u2018Zumba Fitness Concert\u2019, el broche a un fin de semana \u00fanico lo puso la espectacular y divertida verbena de Carnaval en la Plaza de Har\u00eda y la actuaci\u00f3n de varios DJ en el solar aleda\u00f1o.<\/p>\n","protected":false},"excerpt":{"rendered":"<p>Un a\u00f1o m\u00e1s, el pueblo de Har\u00eda reuni\u00f3 a miles de mascaritas que se dieron cita el pasado fin de semana en el Carnaval m\u00e1s especial de la isla de Lanzarote, en el que se ha convertido ya en un todo un referente de la diversi\u00f3n, el colorido y el buen ambiente reinante. &nbsp; El [&hellip;]<\/p>\n","protected":false},"author":2,"featured_media":1051,"comment_status":"closed","ping_status":"closed","sticky":false,"template":"","format":"standard","meta":{"footnotes":""},"categories":[15,11],"tags":[],"class_list":["post-1081","post","type-post","status-publish","format-standard","has-post-thumbnail","hentry","category-festejos","category-hoja-de-haria"],"_links":{"self":[{"href":"https:\/\/www.ayuntamientodeharia.com\/haria\/wp-json\/wp\/v2\/posts\/1081","targetHints":{"allow":["GET"]}}],"collection":[{"href":"https:\/\/www.ayuntamientodeharia.com\/haria\/wp-json\/wp\/v2\/posts"}],"about":[{"href":"https:\/\/www.ayuntamientodeharia.com\/haria\/wp-json\/wp\/v2\/types\/post"}],"author":[{"embeddable":true,"href":"https:\/\/www.ayuntamientodeharia.com\/haria\/wp-json\/wp\/v2\/users\/2"}],"replies":[{"embeddable":true,"href":"https:\/\/www.ayuntamientodeharia.com\/haria\/wp-json\/wp\/v2\/comments?post=1081"}],"version-history":[{"count":0,"href":"https:\/\/www.ayuntamientodeharia.com\/haria\/wp-json\/wp\/v2\/posts\/1081\/revisions"}],"wp:featuredmedia":[{"embeddable":true,"href":"https:\/\/www.ayuntamientodeharia.com\/haria\/wp-json\/wp\/v2\/media\/1051"}],"wp:attachment":[{"href":"https:\/\/www.ayuntamientodeharia.com\/haria\/wp-json\/wp\/v2\/media?parent=1081"}],"wp:term":[{"taxonomy":"category","embeddable":true,"href":"https:\/\/www.ayuntamientodeharia.com\/haria\/wp-json\/wp\/v2\/categories?post=1081"},{"taxonomy":"post_tag","embeddable":true,"href":"https:\/\/www.ayuntamientodeharia.com\/haria\/wp-json\/wp\/v2\/tags?post=1081"}],"curies":[{"name":"wp","href":"https:\/\/api.w.org\/{rel}","templated":true}]}}