{"id":1078,"date":"2015-03-06T08:37:30","date_gmt":"2015-03-06T08:37:30","guid":{"rendered":"http:\/\/www.ayuntamientodeharia.com\/haria\/?p=1078"},"modified":"2015-03-12T08:18:09","modified_gmt":"2015-03-12T08:18:09","slug":"actividades-del-foro-contra-la-violencia-de-genero-de-lanzarote","status":"publish","type":"post","link":"https:\/\/www.ayuntamientodeharia.com\/haria\/actividades-del-foro-contra-la-violencia-de-genero-de-lanzarote\/","title":{"rendered":"Actividades del Foro contra la Violencia de G\u00e9nero de Lanzarote"},"content":{"rendered":"<p><a href=\"http:\/\/www.ayuntamientodeharia.com\/haria\/wp-content\/uploads\/2015\/03\/Soy-mujer-y-que.jpg\"><img decoding=\"async\" class=\"alignleft size-thumbnail wp-image-1040\" src=\"http:\/\/www.ayuntamientodeharia.com\/haria\/wp-content\/uploads\/2015\/03\/Soy-mujer-y-que-150x150.jpg\" alt=\"Soy mujer, y que\" width=\"150\" height=\"150\" \/><\/a>La Concejal\u00eda de Pol\u00edticas de Igualdad del Ayuntamiento de Har\u00eda se suma a los actos que se organizan en Lanzarote para conmemorar el D\u00eda Internacional de la Mujer, el pr\u00f3ximo 8 de marzo.<\/p>\n<p>&nbsp;<\/p>\n<p><span style=\"text-decoration: underline;\"><strong>Arrecife:<\/strong><\/span><\/p>\n<p>\u2022 <strong>S\u00e1bado, 7 de marzo:<\/strong><\/p>\n<p>11:00 h.- Pasacalle amenizado por la batucada del Cribo desde Cuatro Esquinas hasta la Plazuela. A continuaci\u00f3n, actuaci\u00f3n del Club de Gimnasia R\u00edtmica Tenesa Sol y cuentacuentos a cargo de Vicky Dos Santos y Bego\u00f1a del Moral para finalizar con la lectura del manifiesto.<\/p>\n<p><!--more--><\/p>\n<p>\u2022 <strong>Domingo, 8 de marzo:<\/strong><\/p>\n<p>12:00 h.- Acto de concienciaci\u00f3n con los jugadores de la Uni\u00f3n Deportiva Lanzarote y del Marino, en el estadio de Arrecife.<\/p>\n<p>&nbsp;<\/p>\n<p>\u2022 <strong>Martes, 10 de marzo:<\/strong><\/p>\n<p>19:30 h.- Charla coloquio \u2018La mirada rota\u2019. Violencia de g\u00e9nero a trav\u00e9s de la representaci\u00f3n: clich\u00e9s, estereotipos y fetichismo, a cargo de Marina Murai, en el Archivo Municipal de Arrecife.<\/p>\n<p>&nbsp;<\/p>\n<p><span style=\"text-decoration: underline;\"><strong>Har\u00eda: <\/strong><\/span><\/p>\n<p>\u2022 Colocaci\u00f3n de un lazo violeta en la fachada del Ayuntamiento de Har\u00eda.<\/p>\n<p>\u2022<strong>S\u00e1bado, 7 de marzo:<\/strong><\/p>\n<p>20.00 h.- Representaci\u00f3n de la obra de teatro \u2018Soy mujer\u2026y qu\u00e9\u2019, a cargo del grupo Somos, en Centro Sociocultural La Tegala de Har\u00eda. Entrada libre.<\/p>\n","protected":false},"excerpt":{"rendered":"<p>La Concejal\u00eda de Pol\u00edticas de Igualdad del Ayuntamiento de Har\u00eda se suma a los actos que se organizan en Lanzarote para conmemorar el D\u00eda Internacional de la Mujer, el pr\u00f3ximo 8 de marzo. &nbsp; Arrecife: \u2022 S\u00e1bado, 7 de marzo: 11:00 h.- Pasacalle amenizado por la batucada del Cribo desde Cuatro Esquinas hasta la Plazuela. [&hellip;]<\/p>\n","protected":false},"author":2,"featured_media":0,"comment_status":"closed","ping_status":"closed","sticky":false,"template":"","format":"standard","meta":{"footnotes":""},"categories":[11,30],"tags":[],"class_list":["post-1078","post","type-post","status-publish","format-standard","hentry","category-hoja-de-haria","category-igualdad"],"_links":{"self":[{"href":"https:\/\/www.ayuntamientodeharia.com\/haria\/wp-json\/wp\/v2\/posts\/1078","targetHints":{"allow":["GET"]}}],"collection":[{"href":"https:\/\/www.ayuntamientodeharia.com\/haria\/wp-json\/wp\/v2\/posts"}],"about":[{"href":"https:\/\/www.ayuntamientodeharia.com\/haria\/wp-json\/wp\/v2\/types\/post"}],"author":[{"embeddable":true,"href":"https:\/\/www.ayuntamientodeharia.com\/haria\/wp-json\/wp\/v2\/users\/2"}],"replies":[{"embeddable":true,"href":"https:\/\/www.ayuntamientodeharia.com\/haria\/wp-json\/wp\/v2\/comments?post=1078"}],"version-history":[{"count":0,"href":"https:\/\/www.ayuntamientodeharia.com\/haria\/wp-json\/wp\/v2\/posts\/1078\/revisions"}],"wp:attachment":[{"href":"https:\/\/www.ayuntamientodeharia.com\/haria\/wp-json\/wp\/v2\/media?parent=1078"}],"wp:term":[{"taxonomy":"category","embeddable":true,"href":"https:\/\/www.ayuntamientodeharia.com\/haria\/wp-json\/wp\/v2\/categories?post=1078"},{"taxonomy":"post_tag","embeddable":true,"href":"https:\/\/www.ayuntamientodeharia.com\/haria\/wp-json\/wp\/v2\/tags?post=1078"}],"curies":[{"name":"wp","href":"https:\/\/api.w.org\/{rel}","templated":true}]}}