{"id":1076,"date":"2015-03-06T08:34:54","date_gmt":"2015-03-06T08:34:54","guid":{"rendered":"http:\/\/www.ayuntamientodeharia.com\/haria\/?p=1076"},"modified":"2015-03-06T08:34:54","modified_gmt":"2015-03-06T08:34:54","slug":"paseo-por-el-litoral-de-arrecife-para-los-mayores","status":"publish","type":"post","link":"https:\/\/www.ayuntamientodeharia.com\/haria\/paseo-por-el-litoral-de-arrecife-para-los-mayores\/","title":{"rendered":"Paseo por el litoral de Arrecife para los mayores"},"content":{"rendered":"<p><a href=\"http:\/\/www.ayuntamientodeharia.com\/haria\/wp-content\/uploads\/2015\/03\/hoja_740-paseo.jpg\"><img decoding=\"async\" class=\"alignleft size-thumbnail wp-image-1052\" src=\"http:\/\/www.ayuntamientodeharia.com\/haria\/wp-content\/uploads\/2015\/03\/hoja_740-paseo-150x150.jpg\" alt=\"hoja_740 paseo\" width=\"150\" height=\"150\" \/><\/a>El Servicio Insular de Deporte del Cabildo, en colaboraci\u00f3n con las \u00e1reas de Servicios Sociales de los Ayuntamientos de la Isla, organiza un paseo dirigido a las personas mayores de 60 a\u00f1os que tendr\u00e1 lugar el s\u00e1bado, 28 de marzo, por el litoral de Arrecife.<\/p>\n<p>&nbsp;<\/p>\n<p>Los participantes en la caminata, que no presenta dificultad alguna, tomar\u00e1n la salida en el Centro Insular de Deportes N\u00e1uticos, en El Cable, para dirigirse a continuaci\u00f3n por la avenida mar\u00edtima hasta la ciudad de Arrecife.<\/p>\n<p>&nbsp;<\/p>\n<p>Los mayores del municipio interesados en participar en esta iniciativa deber\u00e1n realizar la inscripci\u00f3n, antes del mi\u00e9rcoles, 18 de marzo, en el Centro de la Tercera Edad, llamando al 928 835 633, de lunes a viernes, en horario de 9:00 a 14:00 horas, donde se les informar\u00e1 sobre las caracter\u00edsticas del recorrido, as\u00ed como del servicio de guagua que la Concejal\u00eda de Servicios Sociales del Ayuntamiento pondr\u00e1 a su disposici\u00f3n para el traslado.<\/p>\n","protected":false},"excerpt":{"rendered":"<p>El Servicio Insular de Deporte del Cabildo, en colaboraci\u00f3n con las \u00e1reas de Servicios Sociales de los Ayuntamientos de la Isla, organiza un paseo dirigido a las personas mayores de 60 a\u00f1os que tendr\u00e1 lugar el s\u00e1bado, 28 de marzo, por el litoral de Arrecife. &nbsp; Los participantes en la caminata, que no presenta dificultad [&hellip;]<\/p>\n","protected":false},"author":2,"featured_media":0,"comment_status":"closed","ping_status":"closed","sticky":false,"template":"","format":"standard","meta":{"footnotes":""},"categories":[17,11],"tags":[],"class_list":["post-1076","post","type-post","status-publish","format-standard","hentry","category-deportes","category-hoja-de-haria"],"_links":{"self":[{"href":"https:\/\/www.ayuntamientodeharia.com\/haria\/wp-json\/wp\/v2\/posts\/1076","targetHints":{"allow":["GET"]}}],"collection":[{"href":"https:\/\/www.ayuntamientodeharia.com\/haria\/wp-json\/wp\/v2\/posts"}],"about":[{"href":"https:\/\/www.ayuntamientodeharia.com\/haria\/wp-json\/wp\/v2\/types\/post"}],"author":[{"embeddable":true,"href":"https:\/\/www.ayuntamientodeharia.com\/haria\/wp-json\/wp\/v2\/users\/2"}],"replies":[{"embeddable":true,"href":"https:\/\/www.ayuntamientodeharia.com\/haria\/wp-json\/wp\/v2\/comments?post=1076"}],"version-history":[{"count":0,"href":"https:\/\/www.ayuntamientodeharia.com\/haria\/wp-json\/wp\/v2\/posts\/1076\/revisions"}],"wp:attachment":[{"href":"https:\/\/www.ayuntamientodeharia.com\/haria\/wp-json\/wp\/v2\/media?parent=1076"}],"wp:term":[{"taxonomy":"category","embeddable":true,"href":"https:\/\/www.ayuntamientodeharia.com\/haria\/wp-json\/wp\/v2\/categories?post=1076"},{"taxonomy":"post_tag","embeddable":true,"href":"https:\/\/www.ayuntamientodeharia.com\/haria\/wp-json\/wp\/v2\/tags?post=1076"}],"curies":[{"name":"wp","href":"https:\/\/api.w.org\/{rel}","templated":true}]}}