{"id":1074,"date":"2015-03-06T08:33:56","date_gmt":"2015-03-06T08:33:56","guid":{"rendered":"http:\/\/www.ayuntamientodeharia.com\/haria\/?p=1074"},"modified":"2015-03-06T08:33:56","modified_gmt":"2015-03-06T08:33:56","slug":"feria-natural-holistica-en-la-tegala-de-haria","status":"publish","type":"post","link":"https:\/\/www.ayuntamientodeharia.com\/haria\/feria-natural-holistica-en-la-tegala-de-haria\/","title":{"rendered":"Feria natural hol\u00edstica en la Tegala de Har\u00eda"},"content":{"rendered":"<p>La organizaci\u00f3n Angelic Realms, en colaboraci\u00f3n con el Ayuntamiento de Har\u00eda, organiza una muestra de terapias curativas, arte natural y artesan\u00eda, del 10 al 14 de marzo, a partir de las 10:00 horas, en el Centro Sociocultural La Tegala de Har\u00eda.<\/p>\n<p>&nbsp;<\/p>\n<p>Durante los d\u00edas que dure la muestra se impartir\u00e1n seminarios sobre sanaci\u00f3n, con cristales y reiki, y se mostrar\u00e1n los tipos de masajes que pueden ayudar a mejorar la salud, as\u00ed como las terapias naturales m\u00e1s utilizadas.<\/p>\n<p>&nbsp;<\/p>\n<p>Por otro lado, se montar\u00e1n numerosos puestos de cristales, piedras preciosas, joyer\u00eda y cer\u00e1mica hecha a mano, libros espirituales, productos para la piel, velas artesanales, cuencos tibetanos, etc.<\/p>\n","protected":false},"excerpt":{"rendered":"<p>La organizaci\u00f3n Angelic Realms, en colaboraci\u00f3n con el Ayuntamiento de Har\u00eda, organiza una muestra de terapias curativas, arte natural y artesan\u00eda, del 10 al 14 de marzo, a partir de las 10:00 horas, en el Centro Sociocultural La Tegala de Har\u00eda. &nbsp; Durante los d\u00edas que dure la muestra se impartir\u00e1n seminarios sobre sanaci\u00f3n, con [&hellip;]<\/p>\n","protected":false},"author":2,"featured_media":0,"comment_status":"closed","ping_status":"closed","sticky":false,"template":"","format":"standard","meta":{"footnotes":""},"categories":[11],"tags":[],"class_list":["post-1074","post","type-post","status-publish","format-standard","hentry","category-hoja-de-haria"],"_links":{"self":[{"href":"https:\/\/www.ayuntamientodeharia.com\/haria\/wp-json\/wp\/v2\/posts\/1074","targetHints":{"allow":["GET"]}}],"collection":[{"href":"https:\/\/www.ayuntamientodeharia.com\/haria\/wp-json\/wp\/v2\/posts"}],"about":[{"href":"https:\/\/www.ayuntamientodeharia.com\/haria\/wp-json\/wp\/v2\/types\/post"}],"author":[{"embeddable":true,"href":"https:\/\/www.ayuntamientodeharia.com\/haria\/wp-json\/wp\/v2\/users\/2"}],"replies":[{"embeddable":true,"href":"https:\/\/www.ayuntamientodeharia.com\/haria\/wp-json\/wp\/v2\/comments?post=1074"}],"version-history":[{"count":0,"href":"https:\/\/www.ayuntamientodeharia.com\/haria\/wp-json\/wp\/v2\/posts\/1074\/revisions"}],"wp:attachment":[{"href":"https:\/\/www.ayuntamientodeharia.com\/haria\/wp-json\/wp\/v2\/media?parent=1074"}],"wp:term":[{"taxonomy":"category","embeddable":true,"href":"https:\/\/www.ayuntamientodeharia.com\/haria\/wp-json\/wp\/v2\/categories?post=1074"},{"taxonomy":"post_tag","embeddable":true,"href":"https:\/\/www.ayuntamientodeharia.com\/haria\/wp-json\/wp\/v2\/tags?post=1074"}],"curies":[{"name":"wp","href":"https:\/\/api.w.org\/{rel}","templated":true}]}}